{"id":11214,"date":"2025-10-11T08:24:18","date_gmt":"2025-10-11T07:24:18","guid":{"rendered":"https:\/\/www.psc-psoe.es\/?p=11214"},"modified":"2025-10-11T08:24:18","modified_gmt":"2025-10-11T07:24:18","slug":"el-psoe-exige-al-pp-reforzar-urgentemente-el-transporte-publico-a-la-universidad-de-cantabria","status":"publish","type":"post","link":"https:\/\/www.psc-psoe.es\/index.php\/2025\/10\/11\/el-psoe-exige-al-pp-reforzar-urgentemente-el-transporte-publico-a-la-universidad-de-cantabria\/","title":{"rendered":"El PSOE exige al PP reforzar urgentemente el transporte p\u00fablico a la Universidad de Cantabria"},"content":{"rendered":"<p style=\"text-align: justify;\">El Grupo Municipal Socialista ha registrado una moci\u00f3n para su debate en el pr\u00f3ximo Pleno del Ayuntamiento de Santander en la que exige al equipo de Gobierno del Partido Popular actuar de forma urgente y decidida ante el colapso que, un curso m\u00e1s, sufre el transporte p\u00fablico con destino a la Universidad de Cantabria.<\/p>\n<p style=\"text-align: justify;\">\u201cLa situaci\u00f3n que se vive cada inicio de curso en las l\u00edneas del TUS que van a la UC es insostenible\u201d, ha denunciado el secretario general y portavoz socialista en Santander, Daniel Fern\u00e1ndez. \u201cNo es un hecho puntual ni un fallo aislado: hablamos de un problema estructural que afecta a cientos de estudiantes y trabajadores cada d\u00eda, generando retrasos, estr\u00e9s y una sensaci\u00f3n de abandono institucional que no podemos permitir\u201d.<\/p>\n<p style=\"text-align: justify;\">En la moci\u00f3n registrada, el PSOE propone reforzar de inmediato las frecuencias en las franjas m\u00e1s conflictivas \u2014especialmente de 7:30 a 10:00 y de 13:30 a 15:00, de lunes a viernes lectivos\u2014 para garantizar un servicio digno, previsible y funcional.<\/p>\n<p style=\"text-align: justify;\">Fern\u00e1ndez ha puesto el foco adem\u00e1s en una realidad cada vez m\u00e1s presente: los problemas de acceso al transporte universitario son a\u00fan mayores para quienes viven en zonas alejadas del centro, como Cueto, Monte, Pe\u00f1acastillo o Nueva Monta\u00f1a, barrios donde en los \u00faltimos a\u00f1os se est\u00e1 concentrando buena parte de la poblaci\u00f3n joven expulsada del centro por el precio de la vivienda.<\/p>\n<p style=\"text-align: justify;\">\u201cEstamos ante una consecuencia directa de dos problemas que el PP no ha querido afrontar: el acceso a la vivienda y la falta de un transporte p\u00fablico eficiente\u201d, ha afirmado. \u201cLos estudiantes que viven en los barrios m\u00e1s alejados tienen m\u00e1s dificultades para llegar a clase, y eso genera desigualdad de oportunidades\u201d.<\/p>\n<p style=\"text-align: justify;\">Desde el PSOE tambi\u00e9n se ha se\u00f1alado que esta situaci\u00f3n no solo afecta a la Universidad de Cantabria, sino tambi\u00e9n a los estudiantes que acuden a diario a la Universidad del Atl\u00e1ntico, en el PCTCAN, donde las l\u00edneas actuales no ofrecen frecuencias suficientes ni adaptadas a los horarios lectivos.<\/p>\n<p style=\"text-align: justify;\">Los socialistas alertan de que esta situaci\u00f3n no solo perjudica a las universidades, sino que empuja a m\u00e1s j\u00f3venes al uso del veh\u00edculo privado, generando m\u00e1s tr\u00e1fico, m\u00e1s contaminaci\u00f3n, m\u00e1s estr\u00e9s y m\u00e1s desigualdades.<\/p>\n<p style=\"text-align: justify;\">\u201cUna ciudad que presume de ser capital universitaria no puede mirar hacia otro lado cuando su comunidad universitaria sufre para llegar a clase o al trabajo. Apostar por el transporte p\u00fablico universitario no es solo una cuesti\u00f3n de movilidad: es una apuesta por la educaci\u00f3n, la sostenibilidad y la justicia social\u201d, ha concluido Fern\u00e1ndez.<\/p>\n","protected":false},"excerpt":{"rendered":"<p>El Grupo Municipal Socialista ha registrado una moci\u00f3n para su debate en el pr\u00f3ximo Pleno del Ayuntamiento de Santander en la que exige al equipo de Gobierno del Partido Popular actuar de forma urgente y decidida ante el colapso que, un curso m\u00e1s, sufre el transporte p\u00fablico con destino a la Universidad de Cantabria. \u201cLa [&hellip;]<\/p>\n","protected":false},"author":12,"featured_media":10969,"comment_status":"open","ping_status":"closed","sticky":false,"template":"","format":"standard","meta":{"tdm_status":"","tdm_grid_status":"","footnotes":""},"categories":[20,55],"tags":[],"class_list":["post-11214","post","type-post","status-publish","format-standard","has-post-thumbnail","hentry","category-santander","category-arco-de-la-bahia"],"_links":{"self":[{"href":"https:\/\/www.psc-psoe.es\/index.php\/wp-json\/wp\/v2\/posts\/11214","targetHints":{"allow":["GET"]}}],"collection":[{"href":"https:\/\/www.psc-psoe.es\/index.php\/wp-json\/wp\/v2\/posts"}],"about":[{"href":"https:\/\/www.psc-psoe.es\/index.php\/wp-json\/wp\/v2\/types\/post"}],"author":[{"embeddable":true,"href":"https:\/\/www.psc-psoe.es\/index.php\/wp-json\/wp\/v2\/users\/12"}],"replies":[{"embeddable":true,"href":"https:\/\/www.psc-psoe.es\/index.php\/wp-json\/wp\/v2\/comments?post=11214"}],"version-history":[{"count":1,"href":"https:\/\/www.psc-psoe.es\/index.php\/wp-json\/wp\/v2\/posts\/11214\/revisions"}],"predecessor-version":[{"id":11215,"href":"https:\/\/www.psc-psoe.es\/index.php\/wp-json\/wp\/v2\/posts\/11214\/revisions\/11215"}],"wp:featuredmedia":[{"embeddable":true,"href":"https:\/\/www.psc-psoe.es\/index.php\/wp-json\/wp\/v2\/media\/10969"}],"wp:attachment":[{"href":"https:\/\/www.psc-psoe.es\/index.php\/wp-json\/wp\/v2\/media?parent=11214"}],"wp:term":[{"taxonomy":"category","embeddable":true,"href":"https:\/\/www.psc-psoe.es\/index.php\/wp-json\/wp\/v2\/categories?post=11214"},{"taxonomy":"post_tag","embeddable":true,"href":"https:\/\/www.psc-psoe.es\/index.php\/wp-json\/wp\/v2\/tags?post=11214"}],"curies":[{"name":"wp","href":"https:\/\/api.w.org\/{rel}","templated":true}]}}