{"id":1117,"date":"2017-12-05T11:23:10","date_gmt":"2017-12-05T10:23:10","guid":{"rendered":"http:\/\/psc-psoe.es\/?p=1117"},"modified":"2019-02-19T13:31:48","modified_gmt":"2019-02-19T12:31:48","slug":"el-psoe-recuerda-que-los-datos-de-paro-interanual-son-peores-en-santander-que-en-cantabria","status":"publish","type":"post","link":"https:\/\/www.psc-psoe.es\/index.php\/2017\/12\/05\/el-psoe-recuerda-que-los-datos-de-paro-interanual-son-peores-en-santander-que-en-cantabria\/","title":{"rendered":"El PSOE recuerda que los datos de paro interanual son peores en Santander que en Cantabria"},"content":{"rendered":"<p>El secretario general del PSOE y portavoz municipal, Pedro Casares, critica que los datos de paro en Santander siguen siendo peores que en el resto de Cantabria.<\/p>\n<p>Casares recuerda que la falta de acci\u00f3n pol\u00edtica del equipo de gobierno del Partido Popular \u201cpor generar actividad econ\u00f3mica y de empleo y cambiar la tendencia del paro\u201d est\u00e1 ralentizando la recuperaci\u00f3n de la regi\u00f3n \u201cen t\u00e9rminos de empleabilidad\u201d.<\/p>\n<p>Para el l\u00edder de los socialistas santanderinos, la prueba m\u00e1s evidente de que el Pacto por el Empleo local no funciona \u201cson los datos\u201d, ya que tanto los datos de paro registrado como de afiliaci\u00f3n a la Seguridad Social son peores en Santander que en el resto de municipios.<\/p>\n<p>As\u00ed, explica que la diferencia interanual arroja un &#8211; 9,08% de del paro en Cantabria mientras en Santander es del -7,78% y en bianual, la diferencia es de -20,02% en la regi\u00f3n y -15,88% en la ciudad.<\/p>\n<p><strong>Impulso real para reactivar y dinamizar<\/strong><\/p>\n<p>El l\u00edder socialista asegura que Santander necesita un impulso real \u201cque reactive, regenere y dinamice\u201d la actividad comercial y permita la implantaci\u00f3n de nuevas empresas.<\/p>\n<p>Por ello, Casares pide un cambio en la estrategia que desarrolla el Partido Popular para generar actividad econ\u00f3mica y empleo en Santander. Para lo cual, considera que \u201cdebe hacerse sumando el esfuerzo de todos\u201d para convertirla en el motor econ\u00f3mico real de la regi\u00f3n.<\/p>\n<p>\u201cEs mal s\u00edntoma que ning\u00fan partido pol\u00edtico con representaci\u00f3n municipal forme parte del Pacto por el Empleo ni tampoco los dos sindicatos mayoritarios\u201d subraya el edil, toda vez que denuncia que \u201cno puede haber impulso a la actividad econ\u00f3mica y el empleocuando el Pacto por el Empleo cuenta con una aportaci\u00f3n municipal de 140.000 euros para su desarrollo\u201d<\/p>\n<p><strong>Rechazar iniciativas de la oposici\u00f3n<\/strong><\/p>\n<p>Casares lamenta que cuando el PSOE present\u00f3 una moci\u00f3n para hacer un centro de empresas en Tabacalera rechazar\u00e1n la iniciativa \u201chace solo un a\u00f1o\u201d y ahora aprueben construirla que se ubicar\u00e1 en dos parcelas de propiedad municipal ubicadas en La Albericia.<\/p>\n<p>\u201cRechazar cualquier iniciativa de la oposici\u00f3n es grave, pero hacerlo cuando estamos hablando de c\u00f3mo desarrollar iniciativas para que la ciudadan\u00eda encuentre un empleo es a\u00fan m\u00e1s grave\u201d denuncia el edil. Que recuerda tambi\u00e9n que el Partido Popular rechaz\u00f3 en diciembre de 2016 la moci\u00f3n del PSOE para empezar a trabajar sobre medidas concretas en favor del empleo en el ayuntamiento de Santander.<br \/>\nPor \u00faltimo, Pedro Casares afirma que \u201cse va el talento\u201d de Santander, fuera de nuestras fronteras o a municipios vecinos \u201cy el Partido Popular no hace nada para evitarlo\u201d. \u201cHemos pedido recuperar el talento con una iniciativa que desarrollan otros ayuntamientos para dar oportunidades, bonificaciones e incentivos a los j\u00f3venes para que vuelvan y no quieren hacerlo\u201d concluye el edil. <\/p>\n","protected":false},"excerpt":{"rendered":"<p>El secretario general del PSOE y portavoz municipal, Pedro Casares, critica que los datos de paro en Santander siguen siendo peores que en el resto de Cantabria. Casares recuerda que la falta de acci\u00f3n pol\u00edtica del equipo de gobierno del Partido Popular \u201cpor generar actividad econ\u00f3mica y de empleo y cambiar la tendencia del paro\u201d [&hellip;]<\/p>\n","protected":false},"author":2,"featured_media":827,"comment_status":"open","ping_status":"open","sticky":false,"template":"","format":"standard","meta":{"tdm_status":"","tdm_grid_status":"","footnotes":""},"categories":[20,16],"tags":[],"class_list":["post-1117","post","type-post","status-publish","format-standard","has-post-thumbnail","hentry","category-santander","category-noticias-santander"],"_links":{"self":[{"href":"https:\/\/www.psc-psoe.es\/index.php\/wp-json\/wp\/v2\/posts\/1117","targetHints":{"allow":["GET"]}}],"collection":[{"href":"https:\/\/www.psc-psoe.es\/index.php\/wp-json\/wp\/v2\/posts"}],"about":[{"href":"https:\/\/www.psc-psoe.es\/index.php\/wp-json\/wp\/v2\/types\/post"}],"author":[{"embeddable":true,"href":"https:\/\/www.psc-psoe.es\/index.php\/wp-json\/wp\/v2\/users\/2"}],"replies":[{"embeddable":true,"href":"https:\/\/www.psc-psoe.es\/index.php\/wp-json\/wp\/v2\/comments?post=1117"}],"version-history":[{"count":0,"href":"https:\/\/www.psc-psoe.es\/index.php\/wp-json\/wp\/v2\/posts\/1117\/revisions"}],"wp:featuredmedia":[{"embeddable":true,"href":"https:\/\/www.psc-psoe.es\/index.php\/wp-json\/wp\/v2\/media\/827"}],"wp:attachment":[{"href":"https:\/\/www.psc-psoe.es\/index.php\/wp-json\/wp\/v2\/media?parent=1117"}],"wp:term":[{"taxonomy":"category","embeddable":true,"href":"https:\/\/www.psc-psoe.es\/index.php\/wp-json\/wp\/v2\/categories?post=1117"},{"taxonomy":"post_tag","embeddable":true,"href":"https:\/\/www.psc-psoe.es\/index.php\/wp-json\/wp\/v2\/tags?post=1117"}],"curies":[{"name":"wp","href":"https:\/\/api.w.org\/{rel}","templated":true}]}}