{"id":11151,"date":"2025-09-29T17:10:33","date_gmt":"2025-09-29T16:10:33","guid":{"rendered":"https:\/\/www.psc-psoe.es\/?p=11151"},"modified":"2025-09-29T17:10:33","modified_gmt":"2025-09-29T16:10:33","slug":"daniel-fernandez-exige-a-gema-igual-que-asuma-su-responsabilidad-por-el-bloqueo-de-los-acuerdos-laborales","status":"publish","type":"post","link":"https:\/\/www.psc-psoe.es\/index.php\/2025\/09\/29\/daniel-fernandez-exige-a-gema-igual-que-asuma-su-responsabilidad-por-el-bloqueo-de-los-acuerdos-laborales\/","title":{"rendered":"Daniel Fern\u00e1ndez exige a Gema Igual que asuma su responsabilidad por el bloqueo de los acuerdos laborales"},"content":{"rendered":"<p style=\"font-weight: 400; text-align: justify;\">El secretario general y portavoz socialista, Daniel Fern\u00e1ndez, denuncia que Gema Igual y su equipo de Gobierno del Partido Popular siguen sin cumplir los acuerdos alcanzados con la plantilla municipal, especialmente en lo referente al incremento salarial de diversos colectivos, como el personal de Servicios Sociales, los vigilantes municipales y parte del personal de talleres.<\/p>\n<p style=\"font-weight: 400; text-align: justify;\">\u201cLa situaci\u00f3n es insostenible: hay trabajadores y trabajadoras a los que se les prometieron mejoras retributivas que, a d\u00eda de hoy, no se han aplicado como s\u00ed se hab\u00eda pactado\u201d, ha afirmado el portavoz socialista, Daniel Fern\u00e1ndez.<\/p>\n<p style=\"font-weight: 400; text-align: justify;\">Los socialistas santanderinos han recordado estos acuerdos fueron fruto de la negociaci\u00f3n con la representaci\u00f3n sindical, y que el equipo de Gobierno tiene la obligaci\u00f3n de cumplirlos en tiempo y forma, sin excusas ni dilaciones. \u201cParte de los de los complementos obedecen a trabajos que lis funcionarios llevan desde hace a\u00f1os sin remuneraci\u00f3n\u00a0alguna\u201d, ha dicho.<\/p>\n<p style=\"font-weight: 400; text-align: justify;\">Fern\u00e1ndez ha criticado duramente que la alcaldesa, Gema Igual, vuelva a lavarse las manos y responsabilizar al interventor municipal. \u201cNo puede ser que siempre eche balones fuera. La responsabilidad pol\u00edtica es suya y no se puede gobernar escud\u00e1ndose constantemente en los informes t\u00e9cnicos cuando no interesan, mientras se ignoran cuando son inc\u00f3modos\u201d.<\/p>\n<p style=\"font-weight: 400; text-align: justify;\">El portavoz socialista ha querido dejar claro que, si el Ayuntamiento sigue funcionando d\u00eda tras d\u00eda, es gracias a la profesionalidad y al compromiso de sus trabajadores y trabajadoras, y no por la gesti\u00f3n de quienes est\u00e1n al frente del Gobierno municipal. \u201cSon los empleados p\u00fablicos quienes sacan adelante los servicios, quienes atienden a los vecinos, quienes sostienen el funcionamiento diario de la ciudad. La alcaldesa deber\u00eda estar agradecida y no despreciar su trabajo con incumplimientos y desprecio institucional\u201d.<\/p>\n<p style=\"font-weight: 400; text-align: justify;\">El PSOE ha exigido al equipo de Gobierno que cumpla de inmediato con lo acordado, que aplique las subidas retributivas pendientes con car\u00e1cter retroactivo, y que abandone esta actitud de desd\u00e9n hacia la plantilla municipal, que no hace sino agravar el conflicto laboral y deteriorar el clima interno en el Ayuntamiento.<\/p>\n<p style=\"font-weight: 400; text-align: justify;\">\u201cEl Ayuntamiento de Santander necesita liderazgo, compromiso con lo p\u00fablico y respeto por sus trabajadores. Y todo eso brilla por su ausencia en el gobierno del PP\u201d, ha concluido Daniel Fern\u00e1ndez.<\/p>\n","protected":false},"excerpt":{"rendered":"<p>El secretario general y portavoz socialista, Daniel Fern\u00e1ndez, denuncia que Gema Igual y su equipo de Gobierno del Partido Popular siguen sin cumplir los acuerdos alcanzados con la plantilla municipal, especialmente en lo referente al incremento salarial de diversos colectivos, como el personal de Servicios Sociales, los vigilantes municipales y parte del personal de talleres. [&hellip;]<\/p>\n","protected":false},"author":12,"featured_media":11033,"comment_status":"open","ping_status":"closed","sticky":false,"template":"","format":"standard","meta":{"tdm_status":"","tdm_grid_status":"","footnotes":""},"categories":[20,55],"tags":[],"class_list":["post-11151","post","type-post","status-publish","format-standard","has-post-thumbnail","hentry","category-santander","category-arco-de-la-bahia"],"_links":{"self":[{"href":"https:\/\/www.psc-psoe.es\/index.php\/wp-json\/wp\/v2\/posts\/11151","targetHints":{"allow":["GET"]}}],"collection":[{"href":"https:\/\/www.psc-psoe.es\/index.php\/wp-json\/wp\/v2\/posts"}],"about":[{"href":"https:\/\/www.psc-psoe.es\/index.php\/wp-json\/wp\/v2\/types\/post"}],"author":[{"embeddable":true,"href":"https:\/\/www.psc-psoe.es\/index.php\/wp-json\/wp\/v2\/users\/12"}],"replies":[{"embeddable":true,"href":"https:\/\/www.psc-psoe.es\/index.php\/wp-json\/wp\/v2\/comments?post=11151"}],"version-history":[{"count":1,"href":"https:\/\/www.psc-psoe.es\/index.php\/wp-json\/wp\/v2\/posts\/11151\/revisions"}],"predecessor-version":[{"id":11152,"href":"https:\/\/www.psc-psoe.es\/index.php\/wp-json\/wp\/v2\/posts\/11151\/revisions\/11152"}],"wp:featuredmedia":[{"embeddable":true,"href":"https:\/\/www.psc-psoe.es\/index.php\/wp-json\/wp\/v2\/media\/11033"}],"wp:attachment":[{"href":"https:\/\/www.psc-psoe.es\/index.php\/wp-json\/wp\/v2\/media?parent=11151"}],"wp:term":[{"taxonomy":"category","embeddable":true,"href":"https:\/\/www.psc-psoe.es\/index.php\/wp-json\/wp\/v2\/categories?post=11151"},{"taxonomy":"post_tag","embeddable":true,"href":"https:\/\/www.psc-psoe.es\/index.php\/wp-json\/wp\/v2\/tags?post=11151"}],"curies":[{"name":"wp","href":"https:\/\/api.w.org\/{rel}","templated":true}]}}