{"id":11148,"date":"2025-09-26T19:09:21","date_gmt":"2025-09-26T18:09:21","guid":{"rendered":"https:\/\/www.psc-psoe.es\/?p=11148"},"modified":"2025-09-26T19:09:21","modified_gmt":"2025-09-26T18:09:21","slug":"el-psoe-celebra-que-el-gobierno-de-espana-pondra-fin-al-abandono-del-edificio-de-la-horadada-tras-anos-de-pasividad-del-ayuntamiento-de-santander","status":"publish","type":"post","link":"https:\/\/www.psc-psoe.es\/index.php\/2025\/09\/26\/el-psoe-celebra-que-el-gobierno-de-espana-pondra-fin-al-abandono-del-edificio-de-la-horadada-tras-anos-de-pasividad-del-ayuntamiento-de-santander\/","title":{"rendered":"El PSOE celebra que el Gobierno de Espa\u00f1a pondr\u00e1 fin al abandono del edificio de La Horadada tras a\u00f1os de pasividad del Ayuntamiento de Santander"},"content":{"rendered":"<p style=\"font-weight: 400; text-align: justify;\">El PSOE Santander ha celebrado que el Ayuntamiento de Santander haya aprobado finalmente la descatalogaci\u00f3n del edificio de La Horadada, y que vaya a proceder a su cesi\u00f3n al Estado para que el Gobierno de Espa\u00f1a pueda asumir su demolici\u00f3n.<\/p>\n<p style=\"font-weight: 400; text-align: justify;\">Esta actuaci\u00f3n permitir\u00e1 restaurar uno de los entornos m\u00e1s valiosos de la ciudad, en la playa de Los Peligros, y poner fin a uno de los mayores s\u00edmbolos del abandono y la dejadez del Partido Popular en Santander.<\/p>\n<p style=\"font-weight: 400; text-align: justify;\">El secretario general del PSOE de Santander y portavoz municipal, Daniel Fern\u00e1ndez, ha recordado que el edificio de La Horadada, cerrado desde hace m\u00e1s de dos d\u00e9cadas, \u201ces un vestigio ruinoso de una \u00e9poca superada, que nunca debi\u00f3 mantenerse en pie tanto tiempo\u201d.<\/p>\n<p style=\"font-weight: 400; text-align: justify;\">\u201cNi los diferentes gobiernos municipales del PP, ni la actual alcaldesa, Gema Igual, han querido abordar el problema. \u201cHan dejado que la estructura se deteriore hasta el extremo, afectando a la imagen de la ciudad y a la experiencia de quienes disfrutan de la playa de Los Peligros\u201d, ha denunciado el portavoz socialista.<\/p>\n<p style=\"font-weight: 400; text-align: justify;\">Para Fern\u00e1ndez, \u201ces una noticia esperada y deseada que el Gobierno de Espa\u00f1a asuma la demolici\u00f3n de un edificio ruinoso que el PP dej\u00f3 pudrir durante d\u00e9cadas para poder recuperar el entorno para el disfrute p\u00fablico\u201d.<\/p>\n<p style=\"font-weight: 400; text-align: justify;\">\u201cUna vez m\u00e1s, ser\u00e1 el Gobierno de Espa\u00f1a quien asuma la responsabilidad de resolver un problema que el PP ha creado y dejado pudrir. El Ministerio para la Transici\u00f3n Ecol\u00f3gica ya ha mostrado su total disposici\u00f3n a demoler el edificio en cuanto el Ayuntamiento culmine los tr\u00e1mites administrativos\u201d, ha dicho.<\/p>\n<p style=\"font-weight: 400; text-align: justify;\">\u201cFrente a la pasividad del PP, el Gobierno de Espa\u00f1a act\u00faa con responsabilidad, sensibilidad medioambiental y visi\u00f3n de futuro\u201d, ha subrayado Fern\u00e1ndez.<\/p>\n<p style=\"font-weight: 400; text-align: justify;\">Desde el PSOE de Santander tambi\u00e9n se ha querido lanzar un mensaje claro sobre el segundo espig\u00f3n de Los Peligros, \u201cotra actuaci\u00f3n que simboliza las contradicciones del actual equipo de gobierno municipal\u201d<\/p>\n<p style=\"font-weight: 400; text-align: justify;\">\u201cGema Igual ha defendido hasta tres posiciones diferentes sobre los espigones seg\u00fan le conven\u00eda pol\u00edticamente en cada momento\u201d, ha lamentado Fern\u00e1ndez.<\/p>\n<p style=\"font-weight: 400; text-align: justify;\">As\u00ed, el l\u00edder de los socialistas santanderinos ha recordado que \u201cprimero defendi\u00f3 los espigones r\u00edgidos, aprobando el proyecto inicial. Despu\u00e9s se opuso p\u00fablicamente, solo para asegurarse el apoyo de Ciudadanos y mantenerse en la alcald\u00eda durante la pasada legislatura. Y ahora, en esta legislatura, vuelve a pedir que se construyan, en un nuevo giro pol\u00edtico que no responde al inter\u00e9s general, sino al c\u00e1lculo partidista\u201d.<\/p>\n<p style=\"font-weight: 400; text-align: justify;\">\u201cEsta falta de coherencia pone en evidencia una vez m\u00e1s que Gema Igual no tiene proyecto de ciudad ni un modelo claro para la bah\u00eda de Santander. Solo busca mantenerse en el poder, aunque eso signifique cambiar de opini\u00f3n cada vez que sopla el viento pol\u00edtico\u201d, ha afirmado el portavoz socialista.<\/p>\n<p style=\"font-weight: 400; text-align: justify;\">Los socialistas santanderinos han dejado claro que el Gobierno de Espa\u00f1a no impone los espigones, ni decide unilateralmente su construcci\u00f3n, sino que se limita a ejecutar lo que le solicita el Ayuntamiento.<\/p>\n<p style=\"font-weight: 400; text-align: justify;\">\u201cLo que pedimos desde el PSOE es seriedad en la toma de decisiones. No se puede cambiar de postura cada legislatura y arrastrar con ello a toda la ciudadan\u00eda y a las administraciones implicadas\u201d, ha recalcado Daniel Fern\u00e1ndez.<\/p>\n<p style=\"font-weight: 400; text-align: justify;\">Fern\u00e1ndez ha insistido en que existen soluciones t\u00e9cnicas viables para proteger la playa de Los Peligros sin necesidad de construir espigones r\u00edgidos, que alteran de manera severa el paisaje natural y la vista de la bah\u00eda.<\/p>\n<p style=\"font-weight: 400; text-align: justify;\">\u201cEl segundo espig\u00f3n no es la \u00fanica opci\u00f3n posible, y desde luego no es la mejor. Es la m\u00e1s barata y la que m\u00e1s da\u00f1o hace al paisaje. Es una mala soluci\u00f3n para una ciudad que vive del turismo, del paisaje y del valor ambiental de su entorno natural\u201d, ha afirmado el portavoz del PSOE.<\/p>\n<p style=\"font-weight: 400; text-align: justify;\">Por \u00faltimo, Daniel Fern\u00e1ndez ha dicho que la bah\u00eda de Santander es uno de los principales activos de la ciudad, tanto por su valor ambiental como por su atractivo tur\u00edstico, y no puede seguir sufriendo decisiones improvisadas, reversibles y sin consenso ciudadano ni t\u00e9cnico.<\/p>\n<p style=\"font-weight: 400; text-align: justify;\">\u201cLa actuaci\u00f3n sobre La Horadada y la gesti\u00f3n del espig\u00f3n son ejemplos del agotamiento del modelo del PP en Santander. Un modelo que solo reacciona tarde, mal y por presi\u00f3n pol\u00edtica o social. Nosotros apostamos por una pol\u00edtica seria, transparente, participativa y con sensibilidad ambiental\u201d, ha concluido Fern\u00e1ndez.<\/p>\n","protected":false},"excerpt":{"rendered":"<p>El PSOE Santander ha celebrado que el Ayuntamiento de Santander haya aprobado finalmente la descatalogaci\u00f3n del edificio de La Horadada, y que vaya a proceder a su cesi\u00f3n al Estado para que el Gobierno de Espa\u00f1a pueda asumir su demolici\u00f3n. Esta actuaci\u00f3n permitir\u00e1 restaurar uno de los entornos m\u00e1s valiosos de la ciudad, en la [&hellip;]<\/p>\n","protected":false},"author":12,"featured_media":11149,"comment_status":"open","ping_status":"closed","sticky":false,"template":"","format":"standard","meta":{"tdm_status":"","tdm_grid_status":"","footnotes":""},"categories":[20,16,55],"tags":[],"class_list":["post-11148","post","type-post","status-publish","format-standard","has-post-thumbnail","hentry","category-santander","category-noticias-santander","category-arco-de-la-bahia"],"_links":{"self":[{"href":"https:\/\/www.psc-psoe.es\/index.php\/wp-json\/wp\/v2\/posts\/11148","targetHints":{"allow":["GET"]}}],"collection":[{"href":"https:\/\/www.psc-psoe.es\/index.php\/wp-json\/wp\/v2\/posts"}],"about":[{"href":"https:\/\/www.psc-psoe.es\/index.php\/wp-json\/wp\/v2\/types\/post"}],"author":[{"embeddable":true,"href":"https:\/\/www.psc-psoe.es\/index.php\/wp-json\/wp\/v2\/users\/12"}],"replies":[{"embeddable":true,"href":"https:\/\/www.psc-psoe.es\/index.php\/wp-json\/wp\/v2\/comments?post=11148"}],"version-history":[{"count":1,"href":"https:\/\/www.psc-psoe.es\/index.php\/wp-json\/wp\/v2\/posts\/11148\/revisions"}],"predecessor-version":[{"id":11150,"href":"https:\/\/www.psc-psoe.es\/index.php\/wp-json\/wp\/v2\/posts\/11148\/revisions\/11150"}],"wp:featuredmedia":[{"embeddable":true,"href":"https:\/\/www.psc-psoe.es\/index.php\/wp-json\/wp\/v2\/media\/11149"}],"wp:attachment":[{"href":"https:\/\/www.psc-psoe.es\/index.php\/wp-json\/wp\/v2\/media?parent=11148"}],"wp:term":[{"taxonomy":"category","embeddable":true,"href":"https:\/\/www.psc-psoe.es\/index.php\/wp-json\/wp\/v2\/categories?post=11148"},{"taxonomy":"post_tag","embeddable":true,"href":"https:\/\/www.psc-psoe.es\/index.php\/wp-json\/wp\/v2\/tags?post=11148"}],"curies":[{"name":"wp","href":"https:\/\/api.w.org\/{rel}","templated":true}]}}