{"id":11123,"date":"2025-09-25T09:59:43","date_gmt":"2025-09-25T08:59:43","guid":{"rendered":"https:\/\/www.psc-psoe.es\/?p=11123"},"modified":"2025-09-25T12:39:59","modified_gmt":"2025-09-25T11:39:59","slug":"el-psoe-pide-a-buruaga-que-asegure-ya-que-no-pactara-los-presupuestos-autonomicos-con-la-extrema-derecha-de-vox","status":"publish","type":"post","link":"https:\/\/www.psc-psoe.es\/index.php\/2025\/09\/25\/el-psoe-pide-a-buruaga-que-asegure-ya-que-no-pactara-los-presupuestos-autonomicos-con-la-extrema-derecha-de-vox\/","title":{"rendered":"El PSOE pide a Buruaga que asegure \u201cya\u201d que no pactar\u00e1 los presupuestos auton\u00f3micos con \u201cla extrema derecha de Vox\u201d"},"content":{"rendered":"<p style=\"text-align: justify;\">El PSOE de Cantabria ha pedido a la presidenta de Cantabria, Mar\u00eda Jos\u00e9 S\u00e1enz de Buruaga, que asegure \u201cya\u201d que no pactar\u00e1 los pr\u00f3ximos presupuestos auton\u00f3micos con \u201cla extrema derecha de Vox y rechace negociar con quienes \u201cquieren acabar con nuestro Estatuto, nuestras competencias y promover una Cantabria con menos recursos y menos autonom\u00eda\u201d.<\/p>\n<p style=\"text-align: justify;\">La portavoz de la Comisi\u00f3n Ejecutiva Auton\u00f3mica del PSOE, Ainoa Qui\u00f1ones, as\u00ed se lo ha reclamado a la presidenta del PP este jueves en una rueda de prensa, en la que ha dicho que \u201cel futuro de Cantabria no merece estar en manos de quienes niegan los derechos de las mujeres y los derechos humanos de los ni\u00f1os que llegan a Espa\u00f1a en busca de una oportunidad mejor\u201d.<\/p>\n<p style=\"text-align: justify;\">\u201cBuruaga tiene que dejar claro desde ya que no va a pactar el presupuesto de Cantabria con quienes quieren menos Cantabria, menos autonom\u00eda, menos derechos para los c\u00e1ntabros y las c\u00e1ntabras\u201d, ha se\u00f1alado Qui\u00f1ones, que ha reiterado que el PSOE est\u00e1 dispuesto a hablar \u201cpara sumar, multiplicar y mejorar\u201d la comunidad aut\u00f3noma.<\/p>\n<p style=\"text-align: justify;\">En este punto, ha ensalzado que todos los \u201cavances en los compromisos del Estado\u201d con la regi\u00f3n, sobre todo en materia de infraestructuras, \u201cno tienen otro padre que el PSOE\u201d y, por ello, ha instado al Gobierno regional ha sumarse a la \u201cagenda de inversiones\u201d del Ejecutivo central en Cantabria y \u201ccompartir proyectos\u201d que permiten avanzar.<\/p>\n<p style=\"text-align: justify;\">\u201cNo aceptamos advertencias. Si hoy el AVE llega a Cantabria, es gracias al PSOE. Si se inaugurar\u00e1 la reforma integral del Desfiladero de la Hermida, es por el PSOE. E igual con la modernizaci\u00f3n de la red de Cercan\u00edas, el enlace Sierrapando-Barreda, y las obras del tercer carril de la A-67 de Polanco a Bezana pero tambi\u00e9n el MUPAC, La Pasiega o La Lechera\u201d, ha enfatizado la portavoz socialista.<\/p>\n<p style=\"text-align: justify;\">Y es que, ha reivindicado, los socialistas \u201cvamos a tener siempre la mano tendida para llegar a acuerdos que sean buenos para la vida de los c\u00e1ntabros y las c\u00e1ntabras y trabajar por Cantabria\u201d porque es \u201cnuestro compromiso\u201d y est\u00e1 \u201cdemostrado por la agenda de inversiones\u201d que se desarrollan en la comunidad aut\u00f3noma.<\/p>\n<p style=\"text-align: justify;\">Por eso, Qui\u00f1ones ha insistido en emplazar a Buruaga a \u201cmirar a quienes queremos construir m\u00e1s y mejor Cantabria\u201d y rechazar a quienes como Vox pretenden \u201cacabar con nuestro Estatuto, nuestras competencias y quieren una comunidad con menos recursos y menos autonom\u00eda\u201d.<\/p>\n<p>No obstante, ha se\u00f1alado que los socialistas no pueden valorar aprobar el presupuesto \u201ccuando el PP llama reuni\u00f3n protocolaria\u201d al encuentro que el delegado del Gobierno en Cantabria y secretario general del PSOE, Pedro Casares, ha propuesto a la presidenta para \u201chablar de Cantabria y de las inversiones extraordinarias que el Gobierno de Pedro S\u00e1nchez est\u00e1 haciendo en la comunidad aut\u00f3noma\u201d.<\/p>\n<p>\u201cY cuando, adem\u00e1s, durante todo el a\u00f1o hemos tendido la mano para hablar de c\u00f3mo fortalecer los servicios p\u00fablicos como la sanidad o la educaci\u00f3n, o hacer frente al reto de la vivienda, y son incapaces ni siquiera de responder a los llamamientos\u201d, ha a\u00f1adido la portavoz socialista.<\/p>\n<p style=\"text-align: justify;\"><strong>MOCIONES Y PNL DE CONDENA DEL \u201cGENOCIDIO\u201d DEL PUEBLO PALESTINO<\/strong><\/p>\n<p style=\"text-align: justify;\">En otro orden de asuntos, la portavoz del PSOE ha anunciado que se van a presentar mociones en todos los ayuntamientos de Cantabria y una proposici\u00f3n no de ley en el Parlamento para condenar el \u201cgenocidio\u201d del pueblo palestino y apoyar el reconocimiento de dos estado, Palestina e Israel.<\/p>\n<p style=\"text-align: justify;\">\u201cEl Gobierno de Espa\u00f1a est\u00e1 liderando en las Naciones Unidas la respuesta pol\u00edtica y humanitaria del pueblo palestino en el genocidio que est\u00e1 practicando el gobierno ultraconservador de Netanyahu en la Franja de Gaza\u201d, ha se\u00f1alado al dirigente socialista, que ha indicado que, con esas iniciativas, el PSOE quiere que las instituciones muestren el \u201creflejo\u201d de la \u201csolidaridad y compromiso\u201d del pueblo c\u00e1ntabro.<\/p>\n<p style=\"text-align: justify;\">\n","protected":false},"excerpt":{"rendered":"<p>El PSOE de Cantabria ha pedido a la presidenta de Cantabria, Mar\u00eda Jos\u00e9 S\u00e1enz de Buruaga, que asegure \u201cya\u201d que no pactar\u00e1 los pr\u00f3ximos presupuestos auton\u00f3micos con \u201cla extrema derecha de Vox y rechace negociar con quienes \u201cquieren acabar con nuestro Estatuto, nuestras competencias y promover una Cantabria con menos recursos y menos autonom\u00eda\u201d. La [&hellip;]<\/p>\n","protected":false},"author":12,"featured_media":11126,"comment_status":"open","ping_status":"closed","sticky":false,"template":"","format":"standard","meta":{"tdm_status":"","tdm_grid_status":"","footnotes":""},"categories":[14,24,25],"tags":[],"class_list":["post-11123","post","type-post","status-publish","format-standard","has-post-thumbnail","hentry","category-notas-de-prensa","category-partido","category-actualidad"],"_links":{"self":[{"href":"https:\/\/www.psc-psoe.es\/index.php\/wp-json\/wp\/v2\/posts\/11123","targetHints":{"allow":["GET"]}}],"collection":[{"href":"https:\/\/www.psc-psoe.es\/index.php\/wp-json\/wp\/v2\/posts"}],"about":[{"href":"https:\/\/www.psc-psoe.es\/index.php\/wp-json\/wp\/v2\/types\/post"}],"author":[{"embeddable":true,"href":"https:\/\/www.psc-psoe.es\/index.php\/wp-json\/wp\/v2\/users\/12"}],"replies":[{"embeddable":true,"href":"https:\/\/www.psc-psoe.es\/index.php\/wp-json\/wp\/v2\/comments?post=11123"}],"version-history":[{"count":3,"href":"https:\/\/www.psc-psoe.es\/index.php\/wp-json\/wp\/v2\/posts\/11123\/revisions"}],"predecessor-version":[{"id":11127,"href":"https:\/\/www.psc-psoe.es\/index.php\/wp-json\/wp\/v2\/posts\/11123\/revisions\/11127"}],"wp:featuredmedia":[{"embeddable":true,"href":"https:\/\/www.psc-psoe.es\/index.php\/wp-json\/wp\/v2\/media\/11126"}],"wp:attachment":[{"href":"https:\/\/www.psc-psoe.es\/index.php\/wp-json\/wp\/v2\/media?parent=11123"}],"wp:term":[{"taxonomy":"category","embeddable":true,"href":"https:\/\/www.psc-psoe.es\/index.php\/wp-json\/wp\/v2\/categories?post=11123"},{"taxonomy":"post_tag","embeddable":true,"href":"https:\/\/www.psc-psoe.es\/index.php\/wp-json\/wp\/v2\/tags?post=11123"}],"curies":[{"name":"wp","href":"https:\/\/api.w.org\/{rel}","templated":true}]}}