{"id":11096,"date":"2025-09-19T11:09:46","date_gmt":"2025-09-19T10:09:46","guid":{"rendered":"https:\/\/www.psc-psoe.es\/?p=11096"},"modified":"2025-09-19T11:09:46","modified_gmt":"2025-09-19T10:09:46","slug":"el-psoe-propone-un-telefono-unico-y-mas-plantilla-para-acabar-con-el-caos-en-los-servicios-sociales-de-santander","status":"publish","type":"post","link":"https:\/\/www.psc-psoe.es\/index.php\/2025\/09\/19\/el-psoe-propone-un-telefono-unico-y-mas-plantilla-para-acabar-con-el-caos-en-los-servicios-sociales-de-santander\/","title":{"rendered":"El PSOE propone un tel\u00e9fono \u00fanico y m\u00e1s plantilla para acabar con el caos en los servicios sociales de Santander"},"content":{"rendered":"<p style=\"font-weight: 400;\">El Grupo Municipal Socialista ha registrado una moci\u00f3n en el Ayuntamiento de Santander para reclamar una profunda reestructuraci\u00f3n de los servicios sociales municipales, con m\u00e1s recursos humanos, mejor distribuci\u00f3n territorial y un sistema de acceso sencillo a trav\u00e9s de un tel\u00e9fono \u00fanico disponible las 24 horas.<\/p>\n<p style=\"font-weight: 400;\">El secretario general y portavoz socialista, Daniel Fern\u00e1ndez, ha advertido de que Santander \u201clleva una d\u00e9cada manteniendo unos servicios sociales infradotados\u201d, situ\u00e1ndose a la cola de la inversi\u00f3n en Espa\u00f1a, con 74 euros por habitante, frente a los m\u00e1s de 200 de ciudades como Bilbao o San Sebasti\u00e1n. \u201cEstos datos no son para presumir, sino para sonrojarse\u201d, ha reprochado.<\/p>\n<p style=\"font-weight: 400;\">Fern\u00e1ndez ha defendido que \u201cel Ayuntamiento, como administraci\u00f3n m\u00e1s cercana, debe garantizar una atenci\u00f3n social temprana, eficaz y accesible, que evite la cronificaci\u00f3n de los problemas y acompa\u00f1e a cada persona en su proceso de mejora\u201d.<\/p>\n<p style=\"font-weight: 400;\">En este sentido, el PSOE propone revisar y reforzar las Unidades de Trabajo Social para adaptarlas a la realidad actual de la ciudad y a los nuevos barrios, incrementando el n\u00famero de profesionales y garantizando que cada ciudadano o familia cuente con un trabajador o trabajadora social de referencia. Adem\u00e1s, los socialistas plantean implantar un tel\u00e9fono \u00fanico de acceso permanente que simplifique los tr\u00e1mites, evite confusiones y centralice la atenci\u00f3n.<\/p>\n<p style=\"font-weight: 400;\">\u201cEl acceso a los servicios sociales no puede depender de recordar cu\u00e1l es tu n\u00famero de tel\u00e9fono seg\u00fan el barrio o la franja horaria\u201d, ha criticado Fern\u00e1ndez. \u201cUn tel\u00e9fono \u00fanico ahorrar\u00e1 tiempo, mejorar\u00e1 la coordinaci\u00f3n entre profesionales y dar\u00e1 seguridad a los vecinos, especialmente a quienes m\u00e1s lo necesitan\u201d.<\/p>\n<p style=\"font-weight: 400;\">Finalmente, el Grupo Socialista ha anunciado que reclamar\u00e1 en el pr\u00f3ximo debate presupuestario un incremento progresivo de la inversi\u00f3n en servicios sociales \u201cpara que Santander deje de figurar en los \u00faltimos lugares del ranking y empiece a situarse como una ciudad que cuida a su gente\u201d.<\/p>\n","protected":false},"excerpt":{"rendered":"<p>El Grupo Municipal Socialista ha registrado una moci\u00f3n en el Ayuntamiento de Santander para reclamar una profunda reestructuraci\u00f3n de los servicios sociales municipales, con m\u00e1s recursos humanos, mejor distribuci\u00f3n territorial y un sistema de acceso sencillo a trav\u00e9s de un tel\u00e9fono \u00fanico disponible las 24 horas. El secretario general y portavoz socialista, Daniel Fern\u00e1ndez, ha [&hellip;]<\/p>\n","protected":false},"author":12,"featured_media":11033,"comment_status":"open","ping_status":"closed","sticky":false,"template":"","format":"standard","meta":{"tdm_status":"","tdm_grid_status":"","footnotes":""},"categories":[20,55],"tags":[],"class_list":["post-11096","post","type-post","status-publish","format-standard","has-post-thumbnail","hentry","category-santander","category-arco-de-la-bahia"],"_links":{"self":[{"href":"https:\/\/www.psc-psoe.es\/index.php\/wp-json\/wp\/v2\/posts\/11096","targetHints":{"allow":["GET"]}}],"collection":[{"href":"https:\/\/www.psc-psoe.es\/index.php\/wp-json\/wp\/v2\/posts"}],"about":[{"href":"https:\/\/www.psc-psoe.es\/index.php\/wp-json\/wp\/v2\/types\/post"}],"author":[{"embeddable":true,"href":"https:\/\/www.psc-psoe.es\/index.php\/wp-json\/wp\/v2\/users\/12"}],"replies":[{"embeddable":true,"href":"https:\/\/www.psc-psoe.es\/index.php\/wp-json\/wp\/v2\/comments?post=11096"}],"version-history":[{"count":1,"href":"https:\/\/www.psc-psoe.es\/index.php\/wp-json\/wp\/v2\/posts\/11096\/revisions"}],"predecessor-version":[{"id":11097,"href":"https:\/\/www.psc-psoe.es\/index.php\/wp-json\/wp\/v2\/posts\/11096\/revisions\/11097"}],"wp:featuredmedia":[{"embeddable":true,"href":"https:\/\/www.psc-psoe.es\/index.php\/wp-json\/wp\/v2\/media\/11033"}],"wp:attachment":[{"href":"https:\/\/www.psc-psoe.es\/index.php\/wp-json\/wp\/v2\/media?parent=11096"}],"wp:term":[{"taxonomy":"category","embeddable":true,"href":"https:\/\/www.psc-psoe.es\/index.php\/wp-json\/wp\/v2\/categories?post=11096"},{"taxonomy":"post_tag","embeddable":true,"href":"https:\/\/www.psc-psoe.es\/index.php\/wp-json\/wp\/v2\/tags?post=11096"}],"curies":[{"name":"wp","href":"https:\/\/api.w.org\/{rel}","templated":true}]}}