{"id":11093,"date":"2025-09-19T11:08:25","date_gmt":"2025-09-19T10:08:25","guid":{"rendered":"https:\/\/www.psc-psoe.es\/?p=11093"},"modified":"2025-09-19T11:08:25","modified_gmt":"2025-09-19T10:08:25","slug":"el-psoe-de-santander-reclama-medidas-urgentes-para-garantizar-la-accesibilidad-en-la-calle-isaac-peral","status":"publish","type":"post","link":"https:\/\/www.psc-psoe.es\/index.php\/2025\/09\/19\/el-psoe-de-santander-reclama-medidas-urgentes-para-garantizar-la-accesibilidad-en-la-calle-isaac-peral\/","title":{"rendered":"El PSOE de Santander reclama medidas urgentes para garantizar la accesibilidad en la calle Isaac Peral"},"content":{"rendered":"<p>El Grupo Municipal Socialista en el Ayuntamiento de Santander ha anunciado que llevar\u00e1 a la pr\u00f3xima Comisi\u00f3n de Desarrollo Sostenible una propuesta para actuar de manera inmediata en la calle Isaac Peral, donde numerosos veh\u00edculos, pese a estar estacionados dentro de las l\u00edneas marcadas, reducen gravemente la anchura \u00fatil de la acera al apurar su posici\u00f3n.<\/p>\n<p>Seg\u00fan ha denunciado el Secretario General y portavoz socialista, Daniel Fern\u00e1ndez, esta situaci\u00f3n \u201cno se trata de un problema de infracciones visibles, sino de una falta de empat\u00eda y de planificaci\u00f3n urbana que impide circular con normalidad a personas con movilidad reducida o a quienes empujan carritos de beb\u00e9\u201d.<\/p>\n<p>\u201cLas im\u00e1genes hablan por s\u00ed solas: aceras completamente ocupadas por la parte trasera de los veh\u00edculos, que obligan a peatones a bajarse a la calzada. Una situaci\u00f3n que puede evitarse f\u00e1cilmente con una medida tan sencilla como la instalaci\u00f3n de unos bolardos o una valla ligera que delimite claramente la separaci\u00f3n entre zona de aparcamiento y zona peatonal\u201d, ha explicado Fern\u00e1ndez.<\/p>\n<p>El PSOE insiste en que no se trata de una gran obra ni de una inversi\u00f3n costosa, sino de una actuaci\u00f3n r\u00e1pida y eficaz \u201cque puede marcar la diferencia entre una ciudad accesible y una ciudad hostil para quienes tienen m\u00e1s dificultades de movilidad\u201d.<\/p>\n<p>\u201cEs una cuesti\u00f3n de empat\u00eda, de sentido com\u00fan y de respeto hacia todos los vecinos y vecinas. No puede ser que la falta de una peque\u00f1a medida t\u00e9cnica condene a muchas personas a tener que circular por la calzada jug\u00e1ndose la vida\u201d, ha se\u00f1alado el portavoz socialista.<\/p>\n<p>Por ello, desde el Grupo Municipal Socialista se exige al equipo de Gobierno del Partido Popular que atienda esta reclamaci\u00f3n y act\u00fae con la diligencia que el problema requiere.<\/p>\n<p>&#8212;<\/p>\n","protected":false},"excerpt":{"rendered":"<p>El Grupo Municipal Socialista en el Ayuntamiento de Santander ha anunciado que llevar\u00e1 a la pr\u00f3xima Comisi\u00f3n de Desarrollo Sostenible una propuesta para actuar de manera inmediata en la calle Isaac Peral, donde numerosos veh\u00edculos, pese a estar estacionados dentro de las l\u00edneas marcadas, reducen gravemente la anchura \u00fatil de la acera al apurar su [&hellip;]<\/p>\n","protected":false},"author":12,"featured_media":11094,"comment_status":"open","ping_status":"closed","sticky":false,"template":"","format":"standard","meta":{"tdm_status":"","tdm_grid_status":"","footnotes":""},"categories":[20,55],"tags":[],"class_list":["post-11093","post","type-post","status-publish","format-standard","has-post-thumbnail","hentry","category-santander","category-arco-de-la-bahia"],"_links":{"self":[{"href":"https:\/\/www.psc-psoe.es\/index.php\/wp-json\/wp\/v2\/posts\/11093","targetHints":{"allow":["GET"]}}],"collection":[{"href":"https:\/\/www.psc-psoe.es\/index.php\/wp-json\/wp\/v2\/posts"}],"about":[{"href":"https:\/\/www.psc-psoe.es\/index.php\/wp-json\/wp\/v2\/types\/post"}],"author":[{"embeddable":true,"href":"https:\/\/www.psc-psoe.es\/index.php\/wp-json\/wp\/v2\/users\/12"}],"replies":[{"embeddable":true,"href":"https:\/\/www.psc-psoe.es\/index.php\/wp-json\/wp\/v2\/comments?post=11093"}],"version-history":[{"count":1,"href":"https:\/\/www.psc-psoe.es\/index.php\/wp-json\/wp\/v2\/posts\/11093\/revisions"}],"predecessor-version":[{"id":11095,"href":"https:\/\/www.psc-psoe.es\/index.php\/wp-json\/wp\/v2\/posts\/11093\/revisions\/11095"}],"wp:featuredmedia":[{"embeddable":true,"href":"https:\/\/www.psc-psoe.es\/index.php\/wp-json\/wp\/v2\/media\/11094"}],"wp:attachment":[{"href":"https:\/\/www.psc-psoe.es\/index.php\/wp-json\/wp\/v2\/media?parent=11093"}],"wp:term":[{"taxonomy":"category","embeddable":true,"href":"https:\/\/www.psc-psoe.es\/index.php\/wp-json\/wp\/v2\/categories?post=11093"},{"taxonomy":"post_tag","embeddable":true,"href":"https:\/\/www.psc-psoe.es\/index.php\/wp-json\/wp\/v2\/tags?post=11093"}],"curies":[{"name":"wp","href":"https:\/\/api.w.org\/{rel}","templated":true}]}}