{"id":11078,"date":"2025-09-15T19:42:33","date_gmt":"2025-09-15T18:42:33","guid":{"rendered":"https:\/\/www.psc-psoe.es\/?p=11078"},"modified":"2025-09-15T19:42:52","modified_gmt":"2025-09-15T18:42:52","slug":"pedro-casares-pide-recuperar-la-convivencia-en-el-nuevo-curso-politico-y-tiende-la-mano-a-buruaga","status":"publish","type":"post","link":"https:\/\/www.psc-psoe.es\/index.php\/2025\/09\/15\/pedro-casares-pide-recuperar-la-convivencia-en-el-nuevo-curso-politico-y-tiende-la-mano-a-buruaga\/","title":{"rendered":"Pedro Casares pide recuperar la &#8220;convivencia&#8221; en el nuevo curso pol\u00edtico y tiende la mano a Buruaga"},"content":{"rendered":"<div>\n<div id=\"NoticiaPrincipal\">\n<div id=\"CuerpoNoticia\" class=\"NormalTextoNoticia\">\n<p style=\"text-align: justify;\">El secretario general del PSOE de Cantabria y delegado del Gobierno, Pedro Casares, ha pedido recuperar la &#8220;convivencia&#8221; en el nuevo curso pol\u00edtico tenga un &#8220;clima respirable y saludable&#8221; y ha tendido la mano de su partido y del Gobierno de Espa\u00f1a a la presidenta regional, Mar\u00eda Jos\u00e9 S\u00e1enz de Buruaga (PP), para mejorar la vida de los ciudadanos tras &#8220;haber perdido dos a\u00f1os de legislatura&#8221;.<\/p>\n<p style=\"text-align: justify;\">As\u00ed lo ha manifestado este lunes en declaraciones a los medios de comunicaci\u00f3n en el santuario de la Bien Aparecida, en Hoz de Marr\u00f3n (Ampuero), donde ha asistido a la festividad de la patrona de la comunidad aut\u00f3noma.<\/p>\n<p style=\"text-align: justify;\">Casares ha se\u00f1alado que desde el PSOE se va a trabajar en este nuevo curso pol\u00edtico para que &#8220;las prioridades de los hombres y mujeres de esta tierra est\u00e9n en la agenda pol\u00edtica&#8221; y las ha dividido en cuatro ejes: mejorar los servicios p\u00fablicos, el empleo, la vivienda y la convivencia social.<\/p>\n<p style=\"text-align: justify;\">El delegado y l\u00edder de los socialistas c\u00e1ntabros ha destacado que hay que trabajar para mejorar la sanidad, la educaci\u00f3n, la dependencia y las pol\u00edticas sociales; y para que &#8220;los hombres y mujeres de esta tierra tengan m\u00e1s empleo&#8221;.<\/p>\n<p style=\"text-align: justify;\">En cuanto a la vivienda, Casares ha enfatizado que es &#8220;la urgencia que hoy tienen muchas familias y muchos j\u00f3venes&#8221; y ha emplazado al Gobierno de Cantabria del PP a trabajar junto al Ejecutivo nacional y en pol\u00edticas que &#8220;tripliquen&#8221; la inversi\u00f3n p\u00fablica en vivienda, as\u00ed como fijar la jornada laboral en 37 horas y media semanales.<\/p>\n<p style=\"text-align: justify;\">En este punto, ha puesto en valor la medida anunciada por el presidente del Gobierno, Pedro S\u00e1nchez, para sacar del mercado a casi 1.000 viviendas turistas ilegales en la comunidad y su puesta a disposici\u00f3n de &#8220;quienes m\u00e1s lo necesitan&#8221;.<\/p>\n<p style=\"text-align: justify;\">Asimismo, el secretario general del PSOE ha apelado por &#8220;garantizar la convivencia&#8221; social en este nuevo curso pol\u00edtico, para lo que ha pedido &#8220;bajar el ruido para que el clima pol\u00edtico de Cantabria sea respirable y saludable&#8221;.<\/p>\n<p style=\"text-align: justify;\">A todo ello, ha dicho, est\u00e1 dispuesto a contribuir tanto el PSOE como el Gobierno de Espa\u00f1a. &#8220;El PP y la presidenta Buruaga tienen que saber que, si est\u00e1n dispuestos, vamos a trabajar por mejorar la vida de los c\u00e1ntabros&#8221;, ha apostillado.<\/p>\n<p style=\"text-align: justify;\">Para ello, ha reivindicado que Cantabria va a recibir del Estado &#8220;la mayor financiaci\u00f3n de la historia&#8221; a lo que sumar\u00e1 la quita de la deuda, con 809 millones de euros que se pondr\u00e1n destinar a mejorar servicios p\u00fablicos.<\/p>\n<p style=\"text-align: justify;\">Sobre el rechazo de Buruaga a esta \u00faltima medida, Casares ha lamentado que &#8220;est\u00e1 actuando m\u00e1s como presidenta del PP que de Cantabria&#8221; y &#8220;votando en contra de los intereses de la comunidad&#8221;, y ha vuelto a pedir a la presidenta que &#8220;rectifique&#8221;.<\/p>\n<\/div>\n<\/div>\n<div id=\"ctl00_ContenidoCentral_moduloImprimir\" class=\"panel-herramientas\" style=\"text-align: justify;\"><\/div>\n<\/div>\n<div id=\"ctl00_ContenidoCentral_NavegacionInferior\" class=\"nav-bajo-noticia row\">\n<div><\/div>\n<\/div>\n","protected":false},"excerpt":{"rendered":"<p>El secretario general del PSOE de Cantabria y delegado del Gobierno, Pedro Casares, ha pedido recuperar la &#8220;convivencia&#8221; en el nuevo curso pol\u00edtico tenga un &#8220;clima respirable y saludable&#8221; y ha tendido la mano de su partido y del Gobierno de Espa\u00f1a a la presidenta regional, Mar\u00eda Jos\u00e9 S\u00e1enz de Buruaga (PP), para mejorar la [&hellip;]<\/p>\n","protected":false},"author":12,"featured_media":11079,"comment_status":"open","ping_status":"closed","sticky":false,"template":"","format":"standard","meta":{"tdm_status":"","tdm_grid_status":"","footnotes":""},"categories":[14,24,420,1,25],"tags":[],"class_list":["post-11078","post","type-post","status-publish","format-standard","has-post-thumbnail","hentry","category-notas-de-prensa","category-partido","category-pedro-casares","category-uncategorized","category-actualidad"],"_links":{"self":[{"href":"https:\/\/www.psc-psoe.es\/index.php\/wp-json\/wp\/v2\/posts\/11078","targetHints":{"allow":["GET"]}}],"collection":[{"href":"https:\/\/www.psc-psoe.es\/index.php\/wp-json\/wp\/v2\/posts"}],"about":[{"href":"https:\/\/www.psc-psoe.es\/index.php\/wp-json\/wp\/v2\/types\/post"}],"author":[{"embeddable":true,"href":"https:\/\/www.psc-psoe.es\/index.php\/wp-json\/wp\/v2\/users\/12"}],"replies":[{"embeddable":true,"href":"https:\/\/www.psc-psoe.es\/index.php\/wp-json\/wp\/v2\/comments?post=11078"}],"version-history":[{"count":1,"href":"https:\/\/www.psc-psoe.es\/index.php\/wp-json\/wp\/v2\/posts\/11078\/revisions"}],"predecessor-version":[{"id":11080,"href":"https:\/\/www.psc-psoe.es\/index.php\/wp-json\/wp\/v2\/posts\/11078\/revisions\/11080"}],"wp:featuredmedia":[{"embeddable":true,"href":"https:\/\/www.psc-psoe.es\/index.php\/wp-json\/wp\/v2\/media\/11079"}],"wp:attachment":[{"href":"https:\/\/www.psc-psoe.es\/index.php\/wp-json\/wp\/v2\/media?parent=11078"}],"wp:term":[{"taxonomy":"category","embeddable":true,"href":"https:\/\/www.psc-psoe.es\/index.php\/wp-json\/wp\/v2\/categories?post=11078"},{"taxonomy":"post_tag","embeddable":true,"href":"https:\/\/www.psc-psoe.es\/index.php\/wp-json\/wp\/v2\/tags?post=11078"}],"curies":[{"name":"wp","href":"https:\/\/api.w.org\/{rel}","templated":true}]}}