{"id":11060,"date":"2025-09-13T09:21:15","date_gmt":"2025-09-13T08:21:15","guid":{"rendered":"https:\/\/www.psc-psoe.es\/?p=11060"},"modified":"2025-09-13T09:21:15","modified_gmt":"2025-09-13T08:21:15","slug":"secundino-caso-celebra-el-consenso-tecnico-y-social-en-torno-a-la-recuperacion-del-lago-de-andara","status":"publish","type":"post","link":"https:\/\/www.psc-psoe.es\/index.php\/2025\/09\/13\/secundino-caso-celebra-el-consenso-tecnico-y-social-en-torno-a-la-recuperacion-del-lago-de-andara\/","title":{"rendered":"Secundino Caso celebra el consenso t\u00e9cnico y social en torno a la recuperaci\u00f3n del Lago de \u00c1ndara"},"content":{"rendered":"<p style=\"font-weight: 400; text-align: justify;\">El secretario general del PSOE comarcal de Li\u00e9bana, alcalde de Pe\u00f1arrubia y senador del PSOE por Cantabria, Secundino Caso, ha mostrado hoy su satisfacci\u00f3n porque ha quedado de manifiesto \u201cel apoyo que t\u00e9cnica y socialmente tiene el proyecto de recuperaci\u00f3n del lago de \u00c1ndara.<\/p>\n<p style=\"font-weight: 400; text-align: justify;\">Caso ha explicado que \u201chablamos de un lago, en el Parque Nacional de Picos de Europa, el lago m\u00e1s grande que hab\u00eda en Cantabria, ha recordado, y que en 1911, por una actuaci\u00f3n minera, desgraciadamente desapareci\u00f3\u201d.<\/p>\n<p style=\"font-weight: 400; text-align: justify;\">Palabras del alcalde de Pe\u00f1arrubia, tras asistir ayer al encuentro organizado por la Universidad de Oviedo y la direcci\u00f3n del Parque Nacional Picos de Europa, entre otras, para abordar la investigaci\u00f3n previa a la posible recuperaci\u00f3n de este lago, en el que qued\u00f3 patente el apoyo que tiene este proyecto por parte de las entidades organizadoras y de la sociedad en general.<\/p>\n<p style=\"font-weight: 400; text-align: justify;\">\u201cLos muchos vecinos de la zona que acudieron a la cita que tuvo lugar en el Centro de Estudios Lebaniegos de Potes, a las siete y media de la tarde, y que congreg\u00f3 a unas noventa personas, aproximadamente\u201d, ha dicho.<\/p>\n<p style=\"font-weight: 400; text-align: justify;\">Para el senador, es una \u201cmuy buena noticia para Cantabria\u201d que todas las partes t\u00e9cnicas implicadas en su consecuci\u00f3n, quieran llevar a cabo la recuperaci\u00f3n del lago.<\/p>\n<p style=\"font-weight: 400; text-align: justify;\">\u201cUn asunto que vertebr\u00f3, ha recordado, la moci\u00f3n que el grupo socialista present\u00f3 el pasado mes de mayo en el Senado, sobre la recuperaci\u00f3n de la balsa de \u00c1ndara, reavivando este proyecto, que en el a\u00f1o 2018 qued\u00f3 paralizado porque Confederaci\u00f3n Hidrogr\u00e1fica del Norte consider\u00f3 que no permit\u00eda garantizar que se cumplieran las normas de calidad ambiental para las aguas superficiales en el lago ni la no afecci\u00f3n a las aguas subterr\u00e1neas y al manantial que da origen al r\u00edo Urd\u00f3n\u201d, ha explicado.<\/p>\n<p style=\"font-weight: 400; text-align: justify;\">En este sentido, ya tras el consenso t\u00e9cnico existente en torno al proyecto, desde el Partido Socialista, ha dicho Caso, \u201cinstamos al Gobierno de Cantabria a que lleve a cabo las actuaciones pertinentes para recuperar el lago m\u00e1s grande que ten\u00eda Cantabria\u201d.<\/p>\n<p style=\"font-weight: 400; text-align: justify;\">\u201cLo importante es que existe voluntad t\u00e9cnica de realizar este proyecto tan importante para los c\u00e1ntabros y c\u00e1ntabras, en un enclave natural privilegiado como los Picos de Europa, y si en el camino surgieran inconvenientes, se podr\u00e1n ir salvando ya que el motivo creo que lo merece\u201d, ha se\u00f1alado Caso.<\/p>\n<p style=\"font-weight: 400; text-align: justify;\">De esta forma, el alcalde de Pe\u00f1arrubia, ha celebrado que la moci\u00f3n presentada por el PSOE en mayo en el Senado, haya contribuido a volver a poner encima de la mesa el informe de 2012.<\/p>\n<p style=\"font-weight: 400; text-align: justify;\">Un informe elaborado por expertos a instancias de un estudio geol\u00f3gico y geof\u00edsico que el Ministerio de Medio Ambiente encarg\u00f3 al departamento de Geolog\u00eda de la Universidad de Oviedo, sobre la situaci\u00f3n de la laguna, para valorar la viabilidad de su recuperaci\u00f3n, que arrojaba una serie de conclusiones que permit\u00edan confiar en que la recuperaci\u00f3n del lago es posible.<\/p>\n<p style=\"font-weight: 400; text-align: justify;\">Precisamente, una de las principales conclusiones determinaba que el secado de la laguna, hace un siglo (1911) se debi\u00f3 a la explotaci\u00f3n minera de la zona, y que fue una voladura la que provoc\u00f3 una grieta por la que el agua se filtr\u00f3.<\/p>\n<p style=\"font-weight: 400; text-align: justify;\">La investigaci\u00f3n deduce que la actividad minera lleg\u00f3 a alcanzar una profundidad de hasta 50 metros bajo la cota topogr\u00e1fica de la actual vega del antiguo lago y que algunas galer\u00edas debieron excavarse bajo el lecho del lago.<\/p>\n<p style=\"font-weight: 400; text-align: justify;\">Por \u00faltimo, Secundino Caso ha afirmado que \u201cconsideramos que podr\u00eda ser muy positivo recuperar este lago, respetando los oportunos informes ambientales de la Confederaci\u00f3n Hidrogr\u00e1fica del Norte por los beneficios ambientales, sociales y econ\u00f3micos que podr\u00eda suponer para la zona del Parque Nacional de los Picos de Europa y para toda la provincia de Cantabria\u201d.<\/p>\n","protected":false},"excerpt":{"rendered":"<p>El secretario general del PSOE comarcal de Li\u00e9bana, alcalde de Pe\u00f1arrubia y senador del PSOE por Cantabria, Secundino Caso, ha mostrado hoy su satisfacci\u00f3n porque ha quedado de manifiesto \u201cel apoyo que t\u00e9cnica y socialmente tiene el proyecto de recuperaci\u00f3n del lago de \u00c1ndara. Caso ha explicado que \u201chablamos de un lago, en el Parque [&hellip;]<\/p>\n","protected":false},"author":12,"featured_media":11061,"comment_status":"open","ping_status":"closed","sticky":false,"template":"","format":"standard","meta":{"tdm_status":"","tdm_grid_status":"","footnotes":""},"categories":[36],"tags":[],"class_list":["post-11060","post","type-post","status-publish","format-standard","has-post-thumbnail","hentry","category-liebana"],"_links":{"self":[{"href":"https:\/\/www.psc-psoe.es\/index.php\/wp-json\/wp\/v2\/posts\/11060","targetHints":{"allow":["GET"]}}],"collection":[{"href":"https:\/\/www.psc-psoe.es\/index.php\/wp-json\/wp\/v2\/posts"}],"about":[{"href":"https:\/\/www.psc-psoe.es\/index.php\/wp-json\/wp\/v2\/types\/post"}],"author":[{"embeddable":true,"href":"https:\/\/www.psc-psoe.es\/index.php\/wp-json\/wp\/v2\/users\/12"}],"replies":[{"embeddable":true,"href":"https:\/\/www.psc-psoe.es\/index.php\/wp-json\/wp\/v2\/comments?post=11060"}],"version-history":[{"count":1,"href":"https:\/\/www.psc-psoe.es\/index.php\/wp-json\/wp\/v2\/posts\/11060\/revisions"}],"predecessor-version":[{"id":11062,"href":"https:\/\/www.psc-psoe.es\/index.php\/wp-json\/wp\/v2\/posts\/11060\/revisions\/11062"}],"wp:featuredmedia":[{"embeddable":true,"href":"https:\/\/www.psc-psoe.es\/index.php\/wp-json\/wp\/v2\/media\/11061"}],"wp:attachment":[{"href":"https:\/\/www.psc-psoe.es\/index.php\/wp-json\/wp\/v2\/media?parent=11060"}],"wp:term":[{"taxonomy":"category","embeddable":true,"href":"https:\/\/www.psc-psoe.es\/index.php\/wp-json\/wp\/v2\/categories?post=11060"},{"taxonomy":"post_tag","embeddable":true,"href":"https:\/\/www.psc-psoe.es\/index.php\/wp-json\/wp\/v2\/tags?post=11060"}],"curies":[{"name":"wp","href":"https:\/\/api.w.org\/{rel}","templated":true}]}}