{"id":11051,"date":"2025-09-12T16:19:08","date_gmt":"2025-09-12T15:19:08","guid":{"rendered":"https:\/\/www.psc-psoe.es\/?p=11051"},"modified":"2025-09-12T16:19:08","modified_gmt":"2025-09-12T15:19:08","slug":"el-psoe-santander-exige-a-la-alcaldesa-que-impida-la-celebracion-del-galerna-fest-2025","status":"publish","type":"post","link":"https:\/\/www.psc-psoe.es\/index.php\/2025\/09\/12\/el-psoe-santander-exige-a-la-alcaldesa-que-impida-la-celebracion-del-galerna-fest-2025\/","title":{"rendered":"El PSOE Santander exige a la alcaldesa que impida la celebraci\u00f3n del \u201cGalerna Fest 2025\u201d"},"content":{"rendered":"<p style=\"text-align: justify;\">El PSOE Santander denuncia que el llamado Galerna Fest 2025, previsto para los d\u00edas 26 y 27 de septiembre en la ciudad, pretende ser mucho m\u00e1s que un festival de m\u00fasica: es un escaparate ideol\u00f3gico de la extrema derecha y un espacio de difusi\u00f3n del odio y la violencia.<\/p>\n<p style=\"text-align: justify;\">Daniel Fern\u00e1ndez, Secretario General y Portavoz del PSOE Santander, ha recordado que ya el a\u00f1o pasado se denunci\u00f3 p\u00fablicamente este festival y que, gracias a la presi\u00f3n ciudadana, se consigui\u00f3 frenar parte de sus actividades. \u201cSi entonces lo logramos, este a\u00f1o debemos volver a impedir que Santander se convierta en un escaparate de la intolerancia\u201d, ha subrayado.<\/p>\n<p style=\"text-align: justify;\">Fern\u00e1ndez ha insistido en que no hablamos de cultura, sino de \u201cadoctrinamiento antidemocr\u00e1tico\u201d. En ediciones anteriores ya se comprob\u00f3 c\u00f3mo este evento sirvi\u00f3 para lanzar consignas neonazis en plena Plaza del Ayuntamiento y para difundir mensajes que humillan la memoria de las v\u00edctimas del fascismo.<\/p>\n<p style=\"text-align: justify;\">\u201cEl PSOE de Santander no va a permitir que nuestra ciudad sea refugio ni altavoz del odio\u201d, ha afirmado Daniel Fern\u00e1ndez. \u201cSantander merece ser una ciudad abierta, plural y orgullosa de su diversidad, no un espacio para ideolog\u00edas violentas que ponen en riesgo la convivencia\u201d.<\/p>\n<p style=\"text-align: justify;\">El l\u00edder de los socialistas santanderinos ha exigido a la alcaldesa que act\u00fae de inmediato: \u201cNo se puede mirar hacia otro lado. La Ley de Memoria Democr\u00e1tica, el C\u00f3digo Penal y la Constituci\u00f3n establecen l\u00edmites muy claros frente a la apolog\u00eda del fascismo y la incitaci\u00f3n al odio. Lo que est\u00e1 en juego es la defensa de la democracia y de la convivencia ciudadana\u201d.<\/p>\n<p style=\"text-align: justify;\">\u201cTolerar este festival ser\u00eda una verg\u00fcenza para Santander y una claudicaci\u00f3n democr\u00e1tica\u201d, ha concluido Daniel Fern\u00e1ndez.<\/p>\n","protected":false},"excerpt":{"rendered":"<p>El PSOE Santander denuncia que el llamado Galerna Fest 2025, previsto para los d\u00edas 26 y 27 de septiembre en la ciudad, pretende ser mucho m\u00e1s que un festival de m\u00fasica: es un escaparate ideol\u00f3gico de la extrema derecha y un espacio de difusi\u00f3n del odio y la violencia. Daniel Fern\u00e1ndez, Secretario General y Portavoz [&hellip;]<\/p>\n","protected":false},"author":12,"featured_media":11052,"comment_status":"open","ping_status":"closed","sticky":false,"template":"","format":"standard","meta":{"tdm_status":"","tdm_grid_status":"","footnotes":""},"categories":[20,16,55],"tags":[],"class_list":["post-11051","post","type-post","status-publish","format-standard","has-post-thumbnail","hentry","category-santander","category-noticias-santander","category-arco-de-la-bahia"],"_links":{"self":[{"href":"https:\/\/www.psc-psoe.es\/index.php\/wp-json\/wp\/v2\/posts\/11051","targetHints":{"allow":["GET"]}}],"collection":[{"href":"https:\/\/www.psc-psoe.es\/index.php\/wp-json\/wp\/v2\/posts"}],"about":[{"href":"https:\/\/www.psc-psoe.es\/index.php\/wp-json\/wp\/v2\/types\/post"}],"author":[{"embeddable":true,"href":"https:\/\/www.psc-psoe.es\/index.php\/wp-json\/wp\/v2\/users\/12"}],"replies":[{"embeddable":true,"href":"https:\/\/www.psc-psoe.es\/index.php\/wp-json\/wp\/v2\/comments?post=11051"}],"version-history":[{"count":1,"href":"https:\/\/www.psc-psoe.es\/index.php\/wp-json\/wp\/v2\/posts\/11051\/revisions"}],"predecessor-version":[{"id":11053,"href":"https:\/\/www.psc-psoe.es\/index.php\/wp-json\/wp\/v2\/posts\/11051\/revisions\/11053"}],"wp:featuredmedia":[{"embeddable":true,"href":"https:\/\/www.psc-psoe.es\/index.php\/wp-json\/wp\/v2\/media\/11052"}],"wp:attachment":[{"href":"https:\/\/www.psc-psoe.es\/index.php\/wp-json\/wp\/v2\/media?parent=11051"}],"wp:term":[{"taxonomy":"category","embeddable":true,"href":"https:\/\/www.psc-psoe.es\/index.php\/wp-json\/wp\/v2\/categories?post=11051"},{"taxonomy":"post_tag","embeddable":true,"href":"https:\/\/www.psc-psoe.es\/index.php\/wp-json\/wp\/v2\/tags?post=11051"}],"curies":[{"name":"wp","href":"https:\/\/api.w.org\/{rel}","templated":true}]}}