{"id":11048,"date":"2025-09-12T16:16:28","date_gmt":"2025-09-12T15:16:28","guid":{"rendered":"https:\/\/www.psc-psoe.es\/?p=11048"},"modified":"2025-09-12T16:17:44","modified_gmt":"2025-09-12T15:17:44","slug":"el-psoe-santander-exige-soluciones-al-desastre-de-los-banos-del-mercado-de-la-esperanza","status":"publish","type":"post","link":"https:\/\/www.psc-psoe.es\/index.php\/2025\/09\/12\/el-psoe-santander-exige-soluciones-al-desastre-de-los-banos-del-mercado-de-la-esperanza\/","title":{"rendered":"El PSOE Santander exige soluciones al desastre de los ba\u00f1os del Mercado de la Esperanza"},"content":{"rendered":"<p style=\"font-weight: 400; text-align: justify;\">El Secretario General y portavoz del PSOE en el Ayuntamiento de Santander, Daniel Fern\u00e1ndez, ha denunciado este jueves la situaci\u00f3n \u201cabsolutamente inaceptable\u201d de los ba\u00f1os p\u00fablicos del Mercado de la Esperanza, que se encuentran cerrados al uso por desbordamientos de agua de manera recurrente, a pesar de haber sido objeto de una reforma integral apenas hace ocho meses, en enero de 2025.<\/p>\n<p style=\"font-weight: 400; text-align: justify;\">Fern\u00e1ndez ha registrado una pregunta al Pleno del Ayuntamiento para que el equipo de Gobierno del Partido Popular aclare cu\u00e1l es el origen t\u00e9cnico del problema, qu\u00e9 actuaciones se han llevado a cabo hasta ahora, por qu\u00e9 no se ha resuelto, y qu\u00e9 medidas se van a adoptar para garantizar que los ba\u00f1os est\u00e9n plenamente operativos cuanto antes.<\/p>\n<p style=\"font-weight: 400; text-align: justify;\">\u201cEstamos ante una de esas peque\u00f1as grandes verg\u00fcenzas que evidencian la falta de gesti\u00f3n y de seguimiento por parte del equipo de Gobierno. Se hace una obra, se inaugura con foto y propaganda, pero luego la instalaci\u00f3n no funciona. Y mientras tanto, quienes pagan las consecuencias son los trabajadores del mercado, los comerciantes y los vecinos que acuden a hacer su compra diaria\u201d, ha afirmado el portavoz socialista.<\/p>\n<p style=\"font-weight: 400; text-align: justify;\">Desde el PSOE aseguran que el problema no es puntual, sino que se produce con una frecuencia superior a una vez al mes, generando importantes molestias.<\/p>\n<p style=\"font-weight: 400; text-align: justify;\">Los ba\u00f1os, precintados en m\u00faltiples ocasiones, se llenan de agua por fallos en el sistema de evacuaci\u00f3n, seg\u00fan han denunciado los propios comerciantes y trabajadores a los representantes socialistas. Una situaci\u00f3n que, adem\u00e1s de inc\u00f3moda, supone un grave problema para los cientos de personas que acuden diariamente al hist\u00f3rico mercado municipal.<\/p>\n<p style=\"font-weight: 400; text-align: justify;\">\u201cHablamos de un espacio p\u00fablico emblem\u00e1tico, en pleno centro de Santander, que deber\u00eda ser ejemplo de buen mantenimiento, y lo que tenemos es una instalaci\u00f3n que parece abandonada, a pesar de que se ha reformado hace solo unos meses. Esto es una chapuza que no puede quedar sin respuesta ni sin responsables\u201d, ha a\u00f1adido Fern\u00e1ndez.<\/p>\n<p style=\"font-weight: 400; text-align: justify;\">Desde el Grupo Socialista se preguntan c\u00f3mo es posible que una obra recientemente ejecutada presente ya problemas estructurales y exigen al equipo de Gobierno que haga p\u00fablico el informe t\u00e9cnico de la intervenci\u00f3n, el contrato de adjudicaci\u00f3n, as\u00ed como las garant\u00edas exigidas a la empresa contratista.<\/p>\n<p style=\"font-weight: 400; text-align: justify;\">\u201c\u00bfSe ha recepcionado la obra sin revisar que todo funcione? \u00bfSe est\u00e1 ocultando a la ciudadan\u00eda el alcance real del problema? \u00bfVa a asumir alguien responsabilidades?\u201d, se ha preguntado el portavoz socialista, que ha insistido en que el equipo de gobierno del Partido Popular debe actuar con transparencia, rigor y eficacia, especialmente cuando se trata de inversiones con fondos p\u00fablicos.<\/p>\n<p style=\"font-weight: 400; text-align: justify;\">Adem\u00e1s de exigir la reparaci\u00f3n inmediata del sistema de saneamiento de los ba\u00f1os, el PSOE pide que se refuerce el control y seguimiento de las obras municipales, que se implante un plan de mantenimiento preventivo y que se escuche a quienes est\u00e1n en primera l\u00ednea del d\u00eda a d\u00eda de la ciudad.<\/p>\n<p style=\"font-weight: 400; text-align: justify;\">\u201cNos preocupa que se priorice m\u00e1s la foto que el funcionamiento de las cosas. Santander necesita un modelo de ciudad donde los servicios p\u00fablicos funcionen, donde se escuche a los trabajadores y comerciantes, y donde las reformas no sean una fachada, sino soluciones reales a los problemas cotidianos\u201d, ha sentenciado Daniel Fern\u00e1ndez.<\/p>\n<p style=\"text-align: justify;\">\n","protected":false},"excerpt":{"rendered":"<p>El Secretario General y portavoz del PSOE en el Ayuntamiento de Santander, Daniel Fern\u00e1ndez, ha denunciado este jueves la situaci\u00f3n \u201cabsolutamente inaceptable\u201d de los ba\u00f1os p\u00fablicos del Mercado de la Esperanza, que se encuentran cerrados al uso por desbordamientos de agua de manera recurrente, a pesar de haber sido objeto de una reforma integral apenas [&hellip;]<\/p>\n","protected":false},"author":12,"featured_media":11049,"comment_status":"open","ping_status":"closed","sticky":false,"template":"","format":"standard","meta":{"tdm_status":"","tdm_grid_status":"","footnotes":""},"categories":[20,16,55],"tags":[],"class_list":["post-11048","post","type-post","status-publish","format-standard","has-post-thumbnail","hentry","category-santander","category-noticias-santander","category-arco-de-la-bahia"],"_links":{"self":[{"href":"https:\/\/www.psc-psoe.es\/index.php\/wp-json\/wp\/v2\/posts\/11048","targetHints":{"allow":["GET"]}}],"collection":[{"href":"https:\/\/www.psc-psoe.es\/index.php\/wp-json\/wp\/v2\/posts"}],"about":[{"href":"https:\/\/www.psc-psoe.es\/index.php\/wp-json\/wp\/v2\/types\/post"}],"author":[{"embeddable":true,"href":"https:\/\/www.psc-psoe.es\/index.php\/wp-json\/wp\/v2\/users\/12"}],"replies":[{"embeddable":true,"href":"https:\/\/www.psc-psoe.es\/index.php\/wp-json\/wp\/v2\/comments?post=11048"}],"version-history":[{"count":1,"href":"https:\/\/www.psc-psoe.es\/index.php\/wp-json\/wp\/v2\/posts\/11048\/revisions"}],"predecessor-version":[{"id":11050,"href":"https:\/\/www.psc-psoe.es\/index.php\/wp-json\/wp\/v2\/posts\/11048\/revisions\/11050"}],"wp:featuredmedia":[{"embeddable":true,"href":"https:\/\/www.psc-psoe.es\/index.php\/wp-json\/wp\/v2\/media\/11049"}],"wp:attachment":[{"href":"https:\/\/www.psc-psoe.es\/index.php\/wp-json\/wp\/v2\/media?parent=11048"}],"wp:term":[{"taxonomy":"category","embeddable":true,"href":"https:\/\/www.psc-psoe.es\/index.php\/wp-json\/wp\/v2\/categories?post=11048"},{"taxonomy":"post_tag","embeddable":true,"href":"https:\/\/www.psc-psoe.es\/index.php\/wp-json\/wp\/v2\/tags?post=11048"}],"curies":[{"name":"wp","href":"https:\/\/api.w.org\/{rel}","templated":true}]}}