{"id":11043,"date":"2025-09-10T09:07:39","date_gmt":"2025-09-10T08:07:39","guid":{"rendered":"https:\/\/www.psc-psoe.es\/?p=11043"},"modified":"2025-09-10T09:07:39","modified_gmt":"2025-09-10T08:07:39","slug":"el-psoe-exige-recuperar-el-horario-completo-de-las-bibliotecas-municipales-de-santander","status":"publish","type":"post","link":"https:\/\/www.psc-psoe.es\/index.php\/2025\/09\/10\/el-psoe-exige-recuperar-el-horario-completo-de-las-bibliotecas-municipales-de-santander\/","title":{"rendered":"El PSOE exige recuperar el horario completo de las bibliotecas municipales de Santander"},"content":{"rendered":"<p style=\"font-weight: 400; text-align: justify;\">El Grupo Municipal Socialista en el Ayuntamiento de Santander ha registrado una serie de preguntas al Pleno tras el anuncio del Ayuntamiento de reducir el horario de todas las bibliotecas municipales, eliminando el turno de ma\u00f1ana a partir del 16 de septiembre.<\/p>\n<p style=\"font-weight: 400; text-align: justify;\">Para los socialistas, se trata de una decisi\u00f3n inaceptable que degrada un servicio p\u00fablico esencial y perjudica especialmente a estudiantes, personas mayores y vecinos de todos los barrios que acuden por la ma\u00f1ana a estos espacios de lectura, estudio, informaci\u00f3n y convivencia.<\/p>\n<p style=\"font-weight: 400; text-align: justify;\">\u201cLa \u00fanica explicaci\u00f3n que se ha dado es la falta de personal, pero lo que hay detr\u00e1s es una absoluta falta de previsi\u00f3n y un modelo de gesti\u00f3n que no garantiza la continuidad de los servicios p\u00fablicos\u201d, ha se\u00f1alado el Secretario General y portavoz socialista, Daniel Fern\u00e1ndez.<\/p>\n<p style=\"font-weight: 400; text-align: justify;\">Desde el PSOE recuerdan que no es la primera vez que ocurre algo similar. Ya en 2023, la Biblioteca Ateca fue inaugurada sin personal asignado y tuvo que cerrar al d\u00eda siguiente. \u201cLo de ahora no es una excepci\u00f3n, es la confirmaci\u00f3n de un problema estructural\u201d, denuncian.<\/p>\n<p style=\"font-weight: 400; text-align: justify;\">El grupo socialista considera que esta situaci\u00f3n es fruto de una pol\u00edtica de apariencias, donde priman los anuncios y las fotos por encima de una verdadera planificaci\u00f3n de los recursos p\u00fablicos. \u201cNo se puede gobernar una ciudad con improvisaciones constantes, y menos a\u00fan cuando se trata de servicios tan sensibles como la red de bibliotecas\u201d, han remarcado.<\/p>\n<p style=\"font-weight: 400; text-align: justify;\">Asimismo, se denuncia que el Ayuntamiento no ha ofrecido ni un calendario claro ni soluciones inmediatas. &#8220;Decir que las bibliotecas reabrir\u00e1n por la ma\u00f1ana \u2018cuando se pueda\u2019 es una muestra de desinter\u00e9s y falta de compromiso. La cultura no puede quedar al albur de la inacci\u00f3n pol\u00edtica&#8221;, subraya Fern\u00e1ndez.<\/p>\n<p style=\"font-weight: 400; text-align: justify;\">Las preguntas registradas buscan aclarar cu\u00e1ndo se restablecer\u00e1 el horario completo, qu\u00e9 medidas se adoptar\u00e1n para reforzar la plantilla, y si el equipo de Gobierno ha evaluado el impacto del recorte en los colectivos afectados.<\/p>\n<p style=\"font-weight: 400; text-align: justify;\">Adem\u00e1s, exigimos que la alcaldesa, como m\u00e1xima responsable, asuma su responsabilidad pol\u00edtica por permitir que se llegue a esta situaci\u00f3n cr\u00edtica en un servicio tan b\u00e1sico para garantizar la igualdad de oportunidades en el acceso a la cultura.<\/p>\n<p style=\"font-weight: 400; text-align: justify;\">\u201cReducir las bibliotecas a media jornada es empobrecer la vida cultural de la ciudad\u201d, concluyen desde el Grupo Socialista. \u201cY en cultura, \u2018cuando se pueda\u2019 no es una respuesta\u201d.<\/p>\n","protected":false},"excerpt":{"rendered":"<p>El Grupo Municipal Socialista en el Ayuntamiento de Santander ha registrado una serie de preguntas al Pleno tras el anuncio del Ayuntamiento de reducir el horario de todas las bibliotecas municipales, eliminando el turno de ma\u00f1ana a partir del 16 de septiembre. Para los socialistas, se trata de una decisi\u00f3n inaceptable que degrada un servicio [&hellip;]<\/p>\n","protected":false},"author":12,"featured_media":10206,"comment_status":"open","ping_status":"closed","sticky":false,"template":"","format":"standard","meta":{"tdm_status":"","tdm_grid_status":"","footnotes":""},"categories":[20,55,16],"tags":[],"class_list":["post-11043","post","type-post","status-publish","format-standard","has-post-thumbnail","hentry","category-santander","category-arco-de-la-bahia","category-noticias-santander"],"_links":{"self":[{"href":"https:\/\/www.psc-psoe.es\/index.php\/wp-json\/wp\/v2\/posts\/11043","targetHints":{"allow":["GET"]}}],"collection":[{"href":"https:\/\/www.psc-psoe.es\/index.php\/wp-json\/wp\/v2\/posts"}],"about":[{"href":"https:\/\/www.psc-psoe.es\/index.php\/wp-json\/wp\/v2\/types\/post"}],"author":[{"embeddable":true,"href":"https:\/\/www.psc-psoe.es\/index.php\/wp-json\/wp\/v2\/users\/12"}],"replies":[{"embeddable":true,"href":"https:\/\/www.psc-psoe.es\/index.php\/wp-json\/wp\/v2\/comments?post=11043"}],"version-history":[{"count":1,"href":"https:\/\/www.psc-psoe.es\/index.php\/wp-json\/wp\/v2\/posts\/11043\/revisions"}],"predecessor-version":[{"id":11044,"href":"https:\/\/www.psc-psoe.es\/index.php\/wp-json\/wp\/v2\/posts\/11043\/revisions\/11044"}],"wp:featuredmedia":[{"embeddable":true,"href":"https:\/\/www.psc-psoe.es\/index.php\/wp-json\/wp\/v2\/media\/10206"}],"wp:attachment":[{"href":"https:\/\/www.psc-psoe.es\/index.php\/wp-json\/wp\/v2\/media?parent=11043"}],"wp:term":[{"taxonomy":"category","embeddable":true,"href":"https:\/\/www.psc-psoe.es\/index.php\/wp-json\/wp\/v2\/categories?post=11043"},{"taxonomy":"post_tag","embeddable":true,"href":"https:\/\/www.psc-psoe.es\/index.php\/wp-json\/wp\/v2\/tags?post=11043"}],"curies":[{"name":"wp","href":"https:\/\/api.w.org\/{rel}","templated":true}]}}