{"id":11041,"date":"2025-09-09T18:02:39","date_gmt":"2025-09-09T17:02:39","guid":{"rendered":"https:\/\/www.psc-psoe.es\/?p=11041"},"modified":"2025-09-09T18:02:39","modified_gmt":"2025-09-09T17:02:39","slug":"el-psoe-exige-una-zona-de-bajas-emisiones-util-y-justa-para-toda-la-ciudadania-de-santander","status":"publish","type":"post","link":"https:\/\/www.psc-psoe.es\/index.php\/2025\/09\/09\/el-psoe-exige-una-zona-de-bajas-emisiones-util-y-justa-para-toda-la-ciudadania-de-santander\/","title":{"rendered":"El PSOE exige una Zona de Bajas Emisiones \u00fatil y justa para toda la ciudadan\u00eda de Santander"},"content":{"rendered":"<p style=\"font-weight: 400; text-align: justify;\">El Grupo Municipal Socialista ha registrado formalmente sus alegaciones al proyecto de Ordenanza de la Zona de Bajas Emisiones (ZBE) impulsado por el equipo de Gobierno del Partido Popular, al considerar que el dise\u00f1o actual presenta graves deficiencias t\u00e9cnicas, sociales y medioambientales que comprometen la utilidad real de esta medida.<\/p>\n<p style=\"font-weight: 400; text-align: justify;\">El Secretario General y Portavoz socialista, Daniel Fern\u00e1ndez, ha explicado que el proyecto \u201ccarece del rigor necesario para cumplir con los objetivos reales de una ZBE\u201d, ya que excluye zonas con elevados niveles de contaminaci\u00f3n, no justifica adecuadamente la delimitaci\u00f3n propuesta, utiliza estudios de tr\u00e1fico desactualizados y establece un calendario de aplicaci\u00f3n sin base t\u00e9cnica s\u00f3lida.<\/p>\n<p style=\"font-weight: 400; text-align: justify;\">\u201cEstamos ante un proyecto mal planteado desde la base\u201d, ha se\u00f1alado Fern\u00e1ndez. \u201cSe delimita primero una zona sin presentar previamente los datos de calidad del aire que lo justifiquen, y lo m\u00e1s grave es que deja fuera barrios como Pe\u00f1acastillo, Nueva Monta\u00f1a, Cuatro Caminos o El Alisal, donde residen decenas de miles de personas y se localizan importantes focos de movilidad y actividad comercial e industrial\u201d.<\/p>\n<p style=\"font-weight: 400; text-align: justify;\">El portavoz ha advertido, adem\u00e1s, de que zonas especialmente sensibles desde el punto de vista de la salud, como el entorno del Hospital Universitario Marqu\u00e9s de Valdecilla, Marqu\u00e9s de la Hermida o la Calle Alta, tambi\u00e9n quedan fuera de la ZBE, a pesar de registrar niveles de contaminaci\u00f3n superiores a los recomendados por la Organizaci\u00f3n Mundial de la Salud (OMS).<\/p>\n<p style=\"font-weight: 400; text-align: justify;\">El PSOE denuncia que el proyecto se apoya en datos del Plan de Movilidad Sostenible de 2015, sin incorporar estudios actualizados sobre los desplazamientos interbarrios, los accesos desde municipios lim\u00edtrofes o la distribuci\u00f3n horaria del tr\u00e1fico, elementos clave para el dise\u00f1o de una ZBE eficaz.<\/p>\n<p style=\"font-weight: 400; text-align: justify;\">Del mismo modo, el documento ignora la presencia de zonas especialmente vulnerables como centros escolares, sanitarios o residencias de mayores, que deber\u00edan contar con protecci\u00f3n espec\u00edfica como \u201czonas de especial sensibilidad\u201d.<\/p>\n<p style=\"font-weight: 400; text-align: justify;\">Otra de las alegaciones del Grupo Socialista se refiere al calendario de aplicaci\u00f3n de las restricciones. Seg\u00fan la propuesta actual, los veh\u00edculos sin distintivo ambiental no podr\u00e1n acceder desde la entrada en vigor de la ordenanza, mientras que los de categor\u00eda B dispondr\u00e1n de cinco a\u00f1os de margen.<\/p>\n<p style=\"font-weight: 400; text-align: justify;\">\u201cNo se justifica esta diferencia ni en los niveles de emisiones ni en los objetivos de reducci\u00f3n marcados. Se trata de un calendario arbitrario que genera desigualdades entre vecinos y penaliza especialmente a quienes tienen menos recursos\u201d, ha afirmado Fern\u00e1ndez.<\/p>\n<p style=\"font-weight: 400; text-align: justify;\">El Grupo Municipal Socialista propone en sus alegaciones una serie de medidas para reconducir el proyecto y garantizar su utilidad p\u00fablica y su justicia social:<\/p>\n<ul style=\"font-weight: 400; text-align: justify;\">\n<li>Ampliar la red de sensores de calidad del aire a toda la ciudad, especialmente en barrios perif\u00e9ricos y de alta movilidad.<\/li>\n<li>Redefinir la delimitaci\u00f3n de la ZBE en base a datos reales de contaminaci\u00f3n e incluyendo zonas sensibles.<\/li>\n<li>Actualizar los estudios de tr\u00e1fico, incorporando datos recientes, franjas horarias y patrones de movilidad.<\/li>\n<li>Establecer un calendario progresivo, coherente y vinculado a objetivos t\u00e9cnicos.<\/li>\n<li>Garantizar un sistema de evaluaci\u00f3n y seguimiento p\u00fablico con indicadores de cumplimiento y participaci\u00f3n ciudadana.<\/li>\n<\/ul>\n<p style=\"font-weight: 400; text-align: justify;\">\u201cUna Zona de Bajas Emisiones no puede convertirse en una operaci\u00f3n est\u00e9tica para aparentar que se cumple. Debe ser una herramienta transformadora para mejorar la salud p\u00fablica, combatir la contaminaci\u00f3n y avanzar hacia una ciudad m\u00e1s sostenible y habitable\u201d, ha concluido el portavoz socialista.<\/p>\n<p style=\"font-weight: 400; text-align: justify;\">Desde el PSOE de Santander se insiste en que una ZBE bien dise\u00f1ada es compatible con la actividad econ\u00f3mica, el comercio y la movilidad urbana, pero debe construirse con rigor t\u00e9cnico, transparencia y participaci\u00f3n ciudadana.<\/p>\n<p style=\"text-align: justify;\">\n","protected":false},"excerpt":{"rendered":"<p>El Grupo Municipal Socialista ha registrado formalmente sus alegaciones al proyecto de Ordenanza de la Zona de Bajas Emisiones (ZBE) impulsado por el equipo de Gobierno del Partido Popular, al considerar que el dise\u00f1o actual presenta graves deficiencias t\u00e9cnicas, sociales y medioambientales que comprometen la utilidad real de esta medida. El Secretario General y Portavoz [&hellip;]<\/p>\n","protected":false},"author":12,"featured_media":10963,"comment_status":"open","ping_status":"closed","sticky":false,"template":"","format":"standard","meta":{"tdm_status":"","tdm_grid_status":"","footnotes":""},"categories":[20,16,55],"tags":[],"class_list":["post-11041","post","type-post","status-publish","format-standard","has-post-thumbnail","hentry","category-santander","category-noticias-santander","category-arco-de-la-bahia"],"_links":{"self":[{"href":"https:\/\/www.psc-psoe.es\/index.php\/wp-json\/wp\/v2\/posts\/11041","targetHints":{"allow":["GET"]}}],"collection":[{"href":"https:\/\/www.psc-psoe.es\/index.php\/wp-json\/wp\/v2\/posts"}],"about":[{"href":"https:\/\/www.psc-psoe.es\/index.php\/wp-json\/wp\/v2\/types\/post"}],"author":[{"embeddable":true,"href":"https:\/\/www.psc-psoe.es\/index.php\/wp-json\/wp\/v2\/users\/12"}],"replies":[{"embeddable":true,"href":"https:\/\/www.psc-psoe.es\/index.php\/wp-json\/wp\/v2\/comments?post=11041"}],"version-history":[{"count":1,"href":"https:\/\/www.psc-psoe.es\/index.php\/wp-json\/wp\/v2\/posts\/11041\/revisions"}],"predecessor-version":[{"id":11042,"href":"https:\/\/www.psc-psoe.es\/index.php\/wp-json\/wp\/v2\/posts\/11041\/revisions\/11042"}],"wp:featuredmedia":[{"embeddable":true,"href":"https:\/\/www.psc-psoe.es\/index.php\/wp-json\/wp\/v2\/media\/10963"}],"wp:attachment":[{"href":"https:\/\/www.psc-psoe.es\/index.php\/wp-json\/wp\/v2\/media?parent=11041"}],"wp:term":[{"taxonomy":"category","embeddable":true,"href":"https:\/\/www.psc-psoe.es\/index.php\/wp-json\/wp\/v2\/categories?post=11041"},{"taxonomy":"post_tag","embeddable":true,"href":"https:\/\/www.psc-psoe.es\/index.php\/wp-json\/wp\/v2\/tags?post=11041"}],"curies":[{"name":"wp","href":"https:\/\/api.w.org\/{rel}","templated":true}]}}