{"id":11032,"date":"2025-09-08T16:34:46","date_gmt":"2025-09-08T15:34:46","guid":{"rendered":"https:\/\/www.psc-psoe.es\/?p=11032"},"modified":"2025-09-08T16:34:46","modified_gmt":"2025-09-08T15:34:46","slug":"el-psoe-santander-denuncia-que-el-nuevo-contrato-de-basuras-del-pp-abre-la-puerta-al-amiguismo-y-repite-el-modelo-fracasado-que-ha-llenado-de-ratas-y-suciedad-la-ciudad","status":"publish","type":"post","link":"https:\/\/www.psc-psoe.es\/index.php\/2025\/09\/08\/el-psoe-santander-denuncia-que-el-nuevo-contrato-de-basuras-del-pp-abre-la-puerta-al-amiguismo-y-repite-el-modelo-fracasado-que-ha-llenado-de-ratas-y-suciedad-la-ciudad\/","title":{"rendered":"El PSOE Santander denuncia que el nuevo contrato de basuras del PP abre la puerta al amiguismo y repite el modelo fracasado que ha llenado de ratas y suciedad la ciudad"},"content":{"rendered":"<p style=\"font-weight: 400; text-align: justify;\">Daniel Fern\u00e1ndez ha denunciado hoy que el nuevo contrato de recogida de residuos y limpieza viaria que el equipo de Gobierno del PP pretende adjudicar \u201ces un calco del modelo privatizador que ya fracas\u00f3 en el pasado, con el resultado de calles sucias, plagas de ratas, quejas vecinales y un sobrecoste millonario que pagan los santanderinos y santanderinas\u201d.<\/p>\n<p style=\"font-weight: 400; text-align: justify;\">El Secretario General y portavoz socialista, Daniel Fern\u00e1ndez, ha recordado que Santander \u201cpaga una de las tasas de basura m\u00e1s altas de Espa\u00f1a, pero aparece de forma reiterada en los rankings nacionales como una de las ciudades m\u00e1s sucias\u201d. \u201cEsto no es casualidad, es la consecuencia directa de un modelo de gesti\u00f3n privatizado, donde se antepone el beneficio empresarial a la calidad del servicio p\u00fablico\u201d, ha se\u00f1alado.<\/p>\n<p style=\"font-weight: 400; text-align: justify;\">El PSOE alerta de que Santander vive hoy una situaci\u00f3n insostenible en limpieza y gesti\u00f3n de residuos. \u201cBasta recorrer nuestros barrios para comprobar c\u00f3mo los contenedores permanecen desbordados durante d\u00edas, con bolsas acumuladas en las aceras, generando malos olores y focos de insalubridad\u201d, ha explicado Fern\u00e1ndez.<\/p>\n<p style=\"font-weight: 400; text-align: justify;\">Daniel Fern\u00e1ndez denuncia adem\u00e1s la proliferaci\u00f3n de plagas de ratas e insectos en zonas tan emblem\u00e1ticas como los Jardines de Pereda, General D\u00e1vila o Castilla-Hermida, que representan ya un problema de salud p\u00fablica.<\/p>\n<p style=\"font-weight: 400; text-align: justify;\">\u201cTodo esto proyecta una imagen de decadencia para la ciudad\u201d, ha se\u00f1alado el portavoz socialista. \u201cSantander lleg\u00f3 a recibir premios nacionales por su limpieza y calidad urbana, y hoy aparece en las encuestas como una de las ciudades m\u00e1s sucias de Espa\u00f1a. El contraste no puede ser m\u00e1s doloroso para una capital que aspira a atraer turismo, inversi\u00f3n y bienestar para sus vecinos y vecinas\u201d.<\/p>\n<p style=\"font-weight: 400; text-align: justify;\">Seg\u00fan el informe del Comit\u00e9 de Expertos, el pliego otorga 70 puntos a criterios evaluables mediante juicio de valor (como las memorias t\u00e9cnicas de las empresas) y solo 30 puntos a criterios objetivos y medibles. Para el Secretario General del PSOE santanderino, esto \u201cabre la puerta a la opacidad, al amiguismo y a la discrecionalidad pol\u00edtica\u201d, en lugar de garantizar compromisos claros sobre resultados verificables en limpieza, reciclaje y sostenibilidad.<\/p>\n<p style=\"font-weight: 400; text-align: justify;\">Fern\u00e1ndez ha recordado adem\u00e1s que en el anterior contrato de basuras se detectaron incumplimientos de m\u00e1s de 7 millones de euros, recogidos en un informe del Interventor municipal, \u201cque el PP trat\u00f3 de ocultar a la ciudadan\u00eda, maniobrando para bloquear la comisi\u00f3n de investigaci\u00f3n\u201d. \u201c\u00bfQu\u00e9 garant\u00edas tenemos de que no vuelva a suceder lo mismo? Ninguna, mientras se repitan los mismos esquemas\u201d, ha advertido.<\/p>\n<p style=\"font-weight: 400; text-align: justify;\">Daniel Fern\u00e1ndez considera que Santander no puede seguir anclada en un modelo privatizado que ha demostrado ser ineficaz y caro. \u201cOtros ayuntamientos de Espa\u00f1a han recuperado la gesti\u00f3n p\u00fablica o han puesto en marcha modelos mixtos, y el resultado ha sido m\u00e1s limpieza, m\u00e1s control y menos coste para los vecinos. Aqu\u00ed seguimos atrapados en el cortoplacismo y la falta de ambici\u00f3n del PP\u201d, ha subrayado el portavoz socialista.<\/p>\n<p style=\"font-weight: 400; text-align: justify;\">El contrato incluye exigencias t\u00e9cnicas de innovaci\u00f3n y sostenibilidad (veh\u00edculos menos contaminantes, reducci\u00f3n del ruido, contenedores accesibles), pero el PSOE advierte que se plantean como simples criterios puntuables y no como obligaciones m\u00ednimas. \u201cPara el PP la sostenibilidad y la accesibilidad son un extra; para nosotros deben ser un derecho b\u00e1sico de la ciudadan\u00eda y una prioridad de la gesti\u00f3n municipal\u201d, ha remarcado Fern\u00e1ndez.<\/p>\n<p style=\"font-weight: 400; text-align: justify;\">El PSOE tambi\u00e9n critica que el contrato contemple oficinas de atenci\u00f3n y plataformas digitales, pero no garantice participaci\u00f3n vecinal real en la supervisi\u00f3n del servicio. \u201cSon los vecinos y vecinas quienes padecen la suciedad en las calles, los contenedores desbordados, el mal olor o la proliferaci\u00f3n de plagas. No pueden seguir siendo meros espectadores de c\u00f3mo se gestionan millones de euros de su bolsillo\u201d, ha explicado Fern\u00e1ndez.<\/p>\n<p style=\"font-weight: 400; text-align: justify;\">En este sentido, los socialistas proponen crear mesas de seguimiento con asociaciones vecinales que eval\u00faen trimestralmente el cumplimiento del contrato, de forma que la ciudadan\u00eda tenga voz y voto en la gesti\u00f3n de un servicio esencial para la salud p\u00fablica.<\/p>\n<p style=\"font-weight: 400; text-align: justify;\">Daniel Fern\u00e1ndez ha concluido que el contrato de basuras es \u201cuna nueva oportunidad perdida para transformar Santander en una ciudad limpia, moderna y sostenible\u201d. \u201cEl PP sigue atrapado en un modelo fracasado que cuesta millones a los santanderinos y no resuelve el problema m\u00e1s b\u00e1sico: que la ciudad est\u00e9 limpia\u201d, ha afirmado.<\/p>\n<p style=\"font-weight: 400; text-align: justify;\">\u201cDesde el PSOE defendemos un modelo alternativo, con m\u00e1s control p\u00fablico, m\u00e1s participaci\u00f3n vecinal, sostenibilidad como obligaci\u00f3n y no como opci\u00f3n, y con la vista puesta en recuperar servicios esenciales para la gesti\u00f3n p\u00fablica. Porque solo as\u00ed podremos garantizar que Santander deje de ser noticia por su suciedad y pase a ser ejemplo de una ciudad limpia, moderna y saludable\u201d, ha concluido el portavoz socialista.<\/p>\n","protected":false},"excerpt":{"rendered":"<p>Daniel Fern\u00e1ndez ha denunciado hoy que el nuevo contrato de recogida de residuos y limpieza viaria que el equipo de Gobierno del PP pretende adjudicar \u201ces un calco del modelo privatizador que ya fracas\u00f3 en el pasado, con el resultado de calles sucias, plagas de ratas, quejas vecinales y un sobrecoste millonario que pagan los [&hellip;]<\/p>\n","protected":false},"author":12,"featured_media":11033,"comment_status":"open","ping_status":"closed","sticky":false,"template":"","format":"standard","meta":{"tdm_status":"","tdm_grid_status":"","footnotes":""},"categories":[20,55],"tags":[],"class_list":["post-11032","post","type-post","status-publish","format-standard","has-post-thumbnail","hentry","category-santander","category-arco-de-la-bahia"],"_links":{"self":[{"href":"https:\/\/www.psc-psoe.es\/index.php\/wp-json\/wp\/v2\/posts\/11032","targetHints":{"allow":["GET"]}}],"collection":[{"href":"https:\/\/www.psc-psoe.es\/index.php\/wp-json\/wp\/v2\/posts"}],"about":[{"href":"https:\/\/www.psc-psoe.es\/index.php\/wp-json\/wp\/v2\/types\/post"}],"author":[{"embeddable":true,"href":"https:\/\/www.psc-psoe.es\/index.php\/wp-json\/wp\/v2\/users\/12"}],"replies":[{"embeddable":true,"href":"https:\/\/www.psc-psoe.es\/index.php\/wp-json\/wp\/v2\/comments?post=11032"}],"version-history":[{"count":1,"href":"https:\/\/www.psc-psoe.es\/index.php\/wp-json\/wp\/v2\/posts\/11032\/revisions"}],"predecessor-version":[{"id":11034,"href":"https:\/\/www.psc-psoe.es\/index.php\/wp-json\/wp\/v2\/posts\/11032\/revisions\/11034"}],"wp:featuredmedia":[{"embeddable":true,"href":"https:\/\/www.psc-psoe.es\/index.php\/wp-json\/wp\/v2\/media\/11033"}],"wp:attachment":[{"href":"https:\/\/www.psc-psoe.es\/index.php\/wp-json\/wp\/v2\/media?parent=11032"}],"wp:term":[{"taxonomy":"category","embeddable":true,"href":"https:\/\/www.psc-psoe.es\/index.php\/wp-json\/wp\/v2\/categories?post=11032"},{"taxonomy":"post_tag","embeddable":true,"href":"https:\/\/www.psc-psoe.es\/index.php\/wp-json\/wp\/v2\/tags?post=11032"}],"curies":[{"name":"wp","href":"https:\/\/api.w.org\/{rel}","templated":true}]}}