{"id":11029,"date":"2025-09-07T09:56:16","date_gmt":"2025-09-07T08:56:16","guid":{"rendered":"https:\/\/www.psc-psoe.es\/?p=11029"},"modified":"2025-09-07T09:56:16","modified_gmt":"2025-09-07T08:56:16","slug":"el-psoe-de-torrelavega-destaca-la-relevancia-para-la-ciudad-de-las-inversiones-procedentes-de-fondos-estatales-y-europeos","status":"publish","type":"post","link":"https:\/\/www.psc-psoe.es\/index.php\/2025\/09\/07\/el-psoe-de-torrelavega-destaca-la-relevancia-para-la-ciudad-de-las-inversiones-procedentes-de-fondos-estatales-y-europeos\/","title":{"rendered":"El PSOE de Torrelavega destaca la relevancia para la ciudad de las inversiones procedentes de fondos estatales y europeos"},"content":{"rendered":"<p style=\"text-align: justify;\">La ejecutiva local del PSOE de Torrelavega, reunida este jueves, ha querido poner en valor el impacto que est\u00e1 teniendo en la ciudad la llegada de inversiones procedentes de fondos europeos y estatales, fruto de la gesti\u00f3n del Gobierno de Espa\u00f1a en Bruselas y de la acci\u00f3n conjunta con el Ayuntamiento de Torrelavega.<\/p>\n<p style=\"text-align: justify;\">As\u00ed lo ha manifestado su vicesecretario general, Roberto Garc\u00eda Porras, quien ha destacado que en los \u00faltimos a\u00f1os el municipio ha superado la inversi\u00f3n de fondos europeos del resto de los municipios de la Comarca del Besaya juntos<\/p>\n<p style=\"text-align: justify;\">Gracias a estas inversiones, Torrelavega est\u00e1 desarrollando m\u00faltiples proyectos y nuevas dotaciones fundamentales para el futuro de la ciudad.<\/p>\n<p style=\"text-align: justify;\">Entre los m\u00e1s destacados se encuentran la tecnoteca de Sierrapand (1,6 millones de euros) el aparcamiento en altura de La Carmencita (dos millones de euros), viviendas de precios asequibles, centro de acogida, infraestructuras deportivas, y la mejora de la movilidad sostenible, entre otros. Todas estas actuaciones forman parte de un proyecto transformador que pretende dar respuesta a los retos urban\u00edsticos, sociales, medioambientales e industriales de la capital del Besaya<\/p>\n<p style=\"text-align: justify;\">Roberto Garc\u00eda Porras ha querido resaltar la importancia especial del proyecto de descarbonizaci\u00f3n de Solvay, lanzado este verano, que materializa una de las apuestas industriales m\u00e1s relevantes de los \u00faltimos a\u00f1os en la comarca. Se trata de una inversi\u00f3n de 250 millones de euros que permitir\u00e1 realizar la primera fase de la transformaci\u00f3n energ\u00e9tica de la planta, sustituyendo las calderas de carb\u00f3n por biomasa, y que entrar\u00e1 en funcionamiento en aproximadamente dos a\u00f1os.<\/p>\n<p style=\"text-align: justify;\">Este proyecto est\u00e1 impulsado gracias a la colaboraci\u00f3n entre Solvay, ENSO ESCO y las administraciones p\u00fablicas, y ha sido posible por la implicaci\u00f3n mantenida en el tiempo del Gobierno central.<\/p>\n<p style=\"text-align: justify;\">\u201cLa ciudad ha hecho sus deberes, logrando que Torrelavega reciba un volumen de fondos europeos sin precedentes, muy por encima de la media de su comarca, y destinando esas inversiones a actuaciones transformadoras que mejoran la calidad de vida de nuestros vecinos y vecinas\u201d, ha subrayado Garc\u00eda Porras.<\/p>\n<p style=\"text-align: justify;\">Finalmente, desde la ejecutiva local del PSOE reafirman su compromiso en seguir trabajando junto al Gobierno de Espa\u00f1a y las instituciones europeas para atraer nuevas inversiones y dotar a Torrelavega de las infraestructuras y proyectos que merece.<\/p>\n","protected":false},"excerpt":{"rendered":"<p>La ejecutiva local del PSOE de Torrelavega, reunida este jueves, ha querido poner en valor el impacto que est\u00e1 teniendo en la ciudad la llegada de inversiones procedentes de fondos europeos y estatales, fruto de la gesti\u00f3n del Gobierno de Espa\u00f1a en Bruselas y de la acci\u00f3n conjunta con el Ayuntamiento de Torrelavega. As\u00ed lo [&hellip;]<\/p>\n","protected":false},"author":12,"featured_media":11030,"comment_status":"open","ping_status":"closed","sticky":false,"template":"","format":"standard","meta":{"tdm_status":"","tdm_grid_status":"","footnotes":""},"categories":[21,33,6],"tags":[],"class_list":["post-11029","post","type-post","status-publish","format-standard","has-post-thumbnail","hentry","category-torrelavega","category-besaya","category-agrupaciones"],"_links":{"self":[{"href":"https:\/\/www.psc-psoe.es\/index.php\/wp-json\/wp\/v2\/posts\/11029","targetHints":{"allow":["GET"]}}],"collection":[{"href":"https:\/\/www.psc-psoe.es\/index.php\/wp-json\/wp\/v2\/posts"}],"about":[{"href":"https:\/\/www.psc-psoe.es\/index.php\/wp-json\/wp\/v2\/types\/post"}],"author":[{"embeddable":true,"href":"https:\/\/www.psc-psoe.es\/index.php\/wp-json\/wp\/v2\/users\/12"}],"replies":[{"embeddable":true,"href":"https:\/\/www.psc-psoe.es\/index.php\/wp-json\/wp\/v2\/comments?post=11029"}],"version-history":[{"count":1,"href":"https:\/\/www.psc-psoe.es\/index.php\/wp-json\/wp\/v2\/posts\/11029\/revisions"}],"predecessor-version":[{"id":11031,"href":"https:\/\/www.psc-psoe.es\/index.php\/wp-json\/wp\/v2\/posts\/11029\/revisions\/11031"}],"wp:featuredmedia":[{"embeddable":true,"href":"https:\/\/www.psc-psoe.es\/index.php\/wp-json\/wp\/v2\/media\/11030"}],"wp:attachment":[{"href":"https:\/\/www.psc-psoe.es\/index.php\/wp-json\/wp\/v2\/media?parent=11029"}],"wp:term":[{"taxonomy":"category","embeddable":true,"href":"https:\/\/www.psc-psoe.es\/index.php\/wp-json\/wp\/v2\/categories?post=11029"},{"taxonomy":"post_tag","embeddable":true,"href":"https:\/\/www.psc-psoe.es\/index.php\/wp-json\/wp\/v2\/tags?post=11029"}],"curies":[{"name":"wp","href":"https:\/\/api.w.org\/{rel}","templated":true}]}}