{"id":11017,"date":"2025-09-04T12:23:33","date_gmt":"2025-09-04T11:23:33","guid":{"rendered":"https:\/\/www.psc-psoe.es\/?p=11017"},"modified":"2025-09-04T12:27:46","modified_gmt":"2025-09-04T11:27:46","slug":"el-psoe-pide-al-alcalde-de-laredo-una-rectificacion-por-sus-acusaciones-falsas-sobre-concentraciones-que-son-pacificas-y-de-solidaridad-con-el-pueblo-palestino","status":"publish","type":"post","link":"https:\/\/www.psc-psoe.es\/index.php\/2025\/09\/04\/el-psoe-pide-al-alcalde-de-laredo-una-rectificacion-por-sus-acusaciones-falsas-sobre-concentraciones-que-son-pacificas-y-de-solidaridad-con-el-pueblo-palestino\/","title":{"rendered":"El PSOE pide al Alcalde de Laredo una rectificaci\u00f3n por sus acusaciones falsas sobre concentraciones \u201cque son pac\u00edficas y de solidaridad con el pueblo palestino\u201d"},"content":{"rendered":"<p style=\"font-weight: 400;\">La portavoz de la Comisi\u00f3n Ejecutiva Auton\u00f3mica del PSOE de Cantabria, Ainoa Qui\u00f1ones, ha lamentado hoy las declaraciones del Alcalde de Laredo, acusando al PSOE de Laredo de paralizar y provocar incidentes al paso de La Vuelta Ciclista de Espa\u00f1a, con salida en la localidad.<\/p>\n<p style=\"font-weight: 400;\">\u201cEs rotundamente falso, el PSOE de Laredo no ha hecho ninguna convocatoria para provocar incidentes, militantes socialistas han dicho que se van a manifestar pac\u00edficamente en repulsa por la situaci\u00f3n del pueblo palestino y eso no solo es leg\u00edtimo, es lo que har\u00eda cualquier dem\u00f3crata y cualquier persona decente\u201d, ha se\u00f1alado.<\/p>\n<p style=\"font-weight: 400;\">Qui\u00f1ones ha pedido \u201crespeto a quienes quieren manifestarse pac\u00edficamente como muestra de solidaridad con el pueblo palestino y como condena a los ataques de Israel masacrando a m\u00e1s de 60.000 personas en la franja de Gaza\u201d.<\/p>\n<p style=\"font-weight: 400;\">\u201cEsto no es una guerra, esto no es hacer pol\u00edtica o no, esto es un genocidio de Israel sobre el pueblo palestino en la franja de Gaza y no se puede ser equidistante\u201d, ha enfatizado la portavoz socialista.<\/p>\n<p style=\"font-weight: 400;\">Por ello, Qui\u00f1ones ha pedido al alcalde de Laredo \u201cuna rectificaci\u00f3n p\u00fablica\u201d hacia el PSOE de Laredo. \u201cSus afirmaciones hoy nos generan preocupaci\u00f3n porque no sabe distinguir entre guerras y genocidios y no sabe distinguir entre manifestaciones pac\u00edficas y alteraciones de orden p\u00fablico\u201d.<\/p>\n<p style=\"font-weight: 400;\">Para la portavoz socialista, \u201cLa Vuelta Ciclista es una prueba de primer nivel deportivo en nuestro pa\u00eds, en el que participan muchos ciclistas que realizan durante todo el a\u00f1o un gran esfuerzo para dar lo mejor de s\u00ed y que tienen todo nuestro apoyo y reconocimiento pero entendemos y apoyamos a quienes pac\u00edficamente quieren manifestarse por la presencia de Israel en la competici\u00f3n\u201d.<\/p>\n<p style=\"font-weight: 400;\">Finalmente, Ainoa Qui\u00f1ones ha pedido que los partidos pol\u00edticos \u201cseamos ante todo partidos democr\u00e1ticos que respetan los derechos fundamentales y la paz y por tanto que respetamos a quienes libremente quieren manifestarse en solidaridad con Palestina\u201d.<\/p>\n","protected":false},"excerpt":{"rendered":"<p>La portavoz de la Comisi\u00f3n Ejecutiva Auton\u00f3mica del PSOE de Cantabria, Ainoa Qui\u00f1ones, ha lamentado hoy las declaraciones del Alcalde de Laredo, acusando al PSOE de Laredo de paralizar y provocar incidentes al paso de La Vuelta Ciclista de Espa\u00f1a, con salida en la localidad. \u201cEs rotundamente falso, el PSOE de Laredo no ha hecho [&hellip;]<\/p>\n","protected":false},"author":12,"featured_media":10790,"comment_status":"open","ping_status":"closed","sticky":false,"template":"","format":"standard","meta":{"tdm_status":"","tdm_grid_status":"","footnotes":""},"categories":[14,24,41],"tags":[],"class_list":["post-11017","post","type-post","status-publish","format-standard","has-post-thumbnail","hentry","category-notas-de-prensa","category-partido","category-costa-oriental"],"_links":{"self":[{"href":"https:\/\/www.psc-psoe.es\/index.php\/wp-json\/wp\/v2\/posts\/11017","targetHints":{"allow":["GET"]}}],"collection":[{"href":"https:\/\/www.psc-psoe.es\/index.php\/wp-json\/wp\/v2\/posts"}],"about":[{"href":"https:\/\/www.psc-psoe.es\/index.php\/wp-json\/wp\/v2\/types\/post"}],"author":[{"embeddable":true,"href":"https:\/\/www.psc-psoe.es\/index.php\/wp-json\/wp\/v2\/users\/12"}],"replies":[{"embeddable":true,"href":"https:\/\/www.psc-psoe.es\/index.php\/wp-json\/wp\/v2\/comments?post=11017"}],"version-history":[{"count":1,"href":"https:\/\/www.psc-psoe.es\/index.php\/wp-json\/wp\/v2\/posts\/11017\/revisions"}],"predecessor-version":[{"id":11018,"href":"https:\/\/www.psc-psoe.es\/index.php\/wp-json\/wp\/v2\/posts\/11017\/revisions\/11018"}],"wp:featuredmedia":[{"embeddable":true,"href":"https:\/\/www.psc-psoe.es\/index.php\/wp-json\/wp\/v2\/media\/10790"}],"wp:attachment":[{"href":"https:\/\/www.psc-psoe.es\/index.php\/wp-json\/wp\/v2\/media?parent=11017"}],"wp:term":[{"taxonomy":"category","embeddable":true,"href":"https:\/\/www.psc-psoe.es\/index.php\/wp-json\/wp\/v2\/categories?post=11017"},{"taxonomy":"post_tag","embeddable":true,"href":"https:\/\/www.psc-psoe.es\/index.php\/wp-json\/wp\/v2\/tags?post=11017"}],"curies":[{"name":"wp","href":"https:\/\/api.w.org\/{rel}","templated":true}]}}