{"id":11013,"date":"2025-09-03T18:21:21","date_gmt":"2025-09-03T17:21:21","guid":{"rendered":"https:\/\/www.psc-psoe.es\/?p=11013"},"modified":"2025-09-03T18:21:21","modified_gmt":"2025-09-03T17:21:21","slug":"pedro-casares-pide-a-buruaga-que-rectifique-sobre-su-rechazo-a-la-condonacion-de-809-millones-de-euros-de-deuda-autonomica","status":"publish","type":"post","link":"https:\/\/www.psc-psoe.es\/index.php\/2025\/09\/03\/pedro-casares-pide-a-buruaga-que-rectifique-sobre-su-rechazo-a-la-condonacion-de-809-millones-de-euros-de-deuda-autonomica\/","title":{"rendered":"Pedro Casares pide a Buruaga que rectifique sobre su rechazo a la condonaci\u00f3n de 809 millones de euros de deuda auton\u00f3mica"},"content":{"rendered":"<p style=\"text-align: justify;\">El secretario general del PSOE de Cantabria y delegado del Gobierno en Cantabria, Pedro Casares, ha pedido a la presidenta de Cantabria, Mar\u00eda Jos\u00e9 S\u00e1enz de Buruaga, que rectifique sobre su intenci\u00f3n de rechazar la condonaci\u00f3n de 809 millones de euros de deuda auton\u00f3mica, cuyo anteproyecto de ley fue aprobado este martes, 2 de septiembre, por el Consejo de Ministros.<\/p>\n<p style=\"text-align: justify;\">Casares ha asegurado que Buruaga \u201ctendr\u00e1 que dar explicaciones de porqu\u00e9 rechaza una medida que supone la quita de 809 millones de euros, m\u00e1s del 24 por ciento de la deuda p\u00fablica de Cantabria\u201d.<\/p>\n<p style=\"text-align: justify;\">\u201cVa a tener que explicar por qu\u00e9 no quiere que nos quiten una deuda de 809 millones de euros, con sus correspondientes intereses y amortizaciones y que ese dinero se pueda destinar a pol\u00edticas sociales que beneficien a la vida de los c\u00e1ntabros y c\u00e1ntabras\u201d, ha remarcado.<\/p>\n<p style=\"text-align: justify;\">Adem\u00e1s, Casares ha se\u00f1alado que la quita de la deuda \u201ces una extraordinaria noticia que nos va a permitir a los c\u00e1ntabros y los c\u00e1ntabras ahorrar un dinero, 800 millones de euros, y el pago de los intereses de esta deuda, que el gobierno de Cantabria podr\u00e1 destinar a otras partidas que permitan mejorar la vida de los c\u00e1ntabros y las c\u00e1ntabras.<\/p>\n<p style=\"text-align: justify;\">\u201cAqu\u00ed no hay agravio, porque todas las comunidades aut\u00f3nomas de Espa\u00f1a se van a ver beneficiadas por esta medida, por lo tanto, es una extraordinaria noticia para avanzar en la cohesi\u00f3n social econ\u00f3mica y territorial de nuestro pa\u00eds\u201d, ha manifestado.<\/p>\n<p style=\"text-align: justify;\">En el caso de la comunidad aut\u00f3noma, la condonaci\u00f3n de la deuda, que alcanza un 24,4% del total, supone cinco puntos m\u00e1s de quita que la media de Espa\u00f1a, que se sit\u00faa en el entorno del 19%.<\/p>\n<p style=\"text-align: justify;\">Por otra parte, Casares se ha preguntado \u201c\u00bfqu\u00e9 quiere decir la presidenta de Cantabria cuando pide que nos traten a todos por igual? \u00bfLo que est\u00e1 pidiendo es que Cantabria reciba menos financiaci\u00f3n? Porque Cantabria es la comunidad que m\u00e1s financiaci\u00f3n recibe y si la presidenta pide que nos traten a todos por igual lo que est\u00e1 pidiendo es que se reduzca la financiaci\u00f3n de Cantabria\u201d.<\/p>\n<p style=\"text-align: justify;\">En este sentido, ha explicado que Cantabria es la comunidad aut\u00f3noma mejor financiada de Espa\u00f1a porque no hay otra que reciba m\u00e1s recursos del Estado por habitante.<\/p>\n<p style=\"text-align: justify;\">En concreto, en las entregas a cuenta previstas para 2026, Casares ha destacado que \u201cser\u00e1 el a\u00f1o con la mayor financiaci\u00f3n de la historia para Cantabria, ya que vamos a recibir 2.677 millones de euros, lo que supone un 8 % m\u00e1s que en 2025, la mayor subida de todo el estado\u201d.<\/p>\n<p style=\"text-align: justify;\">Casares ha afirmado que Cantabria \u201ca\u00fan est\u00e1 a tiempo\u201d y ha exigido a la presidenta del gobierno auton\u00f3mica \u201cque defienda, como es su obligaci\u00f3n, los intereses de los c\u00e1ntabros y c\u00e1ntabras, y no los del Partido Popular, y Alberto N\u00fa\u00f1ez Feijo\u00f3\u201d.<\/p>\n<p style=\"text-align: justify;\">\u201cYo le pido a la presidenta de Cantabria, que sea la presidenta de Cantabria, y que defienda los intereses de Cantabria y no los intereses partidistas del Partido Popular porque ya lo dijo ayer Feijoo y Tellado, que todos los presidentes de las comunidades aut\u00f3nomas del PP van a ser eso, presidentes del PP y van a seguir el dictado del Partido Popular y no los intereses de sus comunidades aut\u00f3nomas\u201d.<\/p>\n<p style=\"text-align: justify;\"><strong>Moreno Bonilla y la hemeroteca<\/strong><\/p>\n<p style=\"text-align: justify;\">De la misma forma, Casares ha dicho la presidenta Buruaga \u201cno ha podido elegir peor compa\u00f1ero\u201d para anunciar su decisi\u00f3n de rechazar la quita de la deuda que al presidente de Andaluc\u00eda \u201cporque las propuestas de financiaci\u00f3n auton\u00f3mica que defiende Cantabria y Andaluc\u00eda son incompatibles\u201d.<\/p>\n<p style=\"text-align: justify;\">Andaluc\u00eda, ha explicado Casares, pide que el nuevo modelo de financiaci\u00f3n auton\u00f3mica atienda al criterio de la poblaci\u00f3n y Cantabria pide que lo hagamos por el coste efectivo de los servicios. \u201cLa verdad es que la presidenta Buruaga no ha acertado en su liado para la foto\u201d, ha enfatizado.<\/p>\n<p style=\"text-align: justify;\">Tambi\u00e9n se ha referido, atendiendo a la hemeroteca, a que el presidente de Andaluc\u00eda dec\u00eda que solo aceptar\u00eda una quita de deuda si le condonasen 17.800 millones de euros \u201cy el gobierno de Espa\u00f1a le condona, no 17.800 millones de euros, sino 18.700 millones de euros, m\u00e1s de lo que ped\u00eda el presidente de Andaluc\u00eda, y ahora lo rechaza\u201d.<\/p>\n<p style=\"text-align: justify;\">Por lo tanto, \u201cvemos que para los presidentes auton\u00f3micos Buruaga y Moreno Bonilla, esto no va defender los intereses de las comunidades aut\u00f3nomas, sino solo defender los intereses del PP y de Feij\u00f3o\u201d, ha lamentado Casares.<\/p>\n<p style=\"text-align: justify;\">Por \u00faltimo, Pedro Casares ha pedido a la presidenta Mar\u00eda Jos\u00e9 S\u00e1enz de Buruaga \u201c defienda los intereses de los c\u00e1ntabros y las c\u00e1ntabras y no los intereses de su partido y que rectifique recapacite\u201d, record\u00e1ndole que \u201cest\u00e1 a tiempo\u201d porque estamos en el inicio del proceso de tramitaci\u00f3n del anteproyecto de ley para la condonaci\u00f3n de la deuda de las Comunidades Aut\u00f3nomas.<\/p>\n","protected":false},"excerpt":{"rendered":"<p>El secretario general del PSOE de Cantabria y delegado del Gobierno en Cantabria, Pedro Casares, ha pedido a la presidenta de Cantabria, Mar\u00eda Jos\u00e9 S\u00e1enz de Buruaga, que rectifique sobre su intenci\u00f3n de rechazar la condonaci\u00f3n de 809 millones de euros de deuda auton\u00f3mica, cuyo anteproyecto de ley fue aprobado este martes, 2 de septiembre, [&hellip;]<\/p>\n","protected":false},"author":12,"featured_media":11014,"comment_status":"open","ping_status":"closed","sticky":false,"template":"","format":"standard","meta":{"tdm_status":"","tdm_grid_status":"","footnotes":""},"categories":[1],"tags":[],"class_list":["post-11013","post","type-post","status-publish","format-standard","has-post-thumbnail","hentry","category-uncategorized"],"_links":{"self":[{"href":"https:\/\/www.psc-psoe.es\/index.php\/wp-json\/wp\/v2\/posts\/11013","targetHints":{"allow":["GET"]}}],"collection":[{"href":"https:\/\/www.psc-psoe.es\/index.php\/wp-json\/wp\/v2\/posts"}],"about":[{"href":"https:\/\/www.psc-psoe.es\/index.php\/wp-json\/wp\/v2\/types\/post"}],"author":[{"embeddable":true,"href":"https:\/\/www.psc-psoe.es\/index.php\/wp-json\/wp\/v2\/users\/12"}],"replies":[{"embeddable":true,"href":"https:\/\/www.psc-psoe.es\/index.php\/wp-json\/wp\/v2\/comments?post=11013"}],"version-history":[{"count":1,"href":"https:\/\/www.psc-psoe.es\/index.php\/wp-json\/wp\/v2\/posts\/11013\/revisions"}],"predecessor-version":[{"id":11015,"href":"https:\/\/www.psc-psoe.es\/index.php\/wp-json\/wp\/v2\/posts\/11013\/revisions\/11015"}],"wp:featuredmedia":[{"embeddable":true,"href":"https:\/\/www.psc-psoe.es\/index.php\/wp-json\/wp\/v2\/media\/11014"}],"wp:attachment":[{"href":"https:\/\/www.psc-psoe.es\/index.php\/wp-json\/wp\/v2\/media?parent=11013"}],"wp:term":[{"taxonomy":"category","embeddable":true,"href":"https:\/\/www.psc-psoe.es\/index.php\/wp-json\/wp\/v2\/categories?post=11013"},{"taxonomy":"post_tag","embeddable":true,"href":"https:\/\/www.psc-psoe.es\/index.php\/wp-json\/wp\/v2\/tags?post=11013"}],"curies":[{"name":"wp","href":"https:\/\/api.w.org\/{rel}","templated":true}]}}