{"id":10968,"date":"2025-08-25T09:48:19","date_gmt":"2025-08-25T08:48:19","guid":{"rendered":"https:\/\/www.psc-psoe.es\/?p=10968"},"modified":"2025-08-25T09:48:19","modified_gmt":"2025-08-25T08:48:19","slug":"el-psoe-de-santander-insiste-en-reconocer-el-carmen-como-dia-festivo-local","status":"publish","type":"post","link":"https:\/\/www.psc-psoe.es\/index.php\/2025\/08\/25\/el-psoe-de-santander-insiste-en-reconocer-el-carmen-como-dia-festivo-local\/","title":{"rendered":"El PSOE de Santander insiste en reconocer el Carmen como d\u00eda festivo local"},"content":{"rendered":"<p style=\"font-weight: 400; text-align: justify;\">El Grupo Municipal Socialista en el Ayuntamiento de Santander ha defendido hoy en la Comisi\u00f3n de Cultura que el 16 de julio, festividad de la Virgen del Carmen, sea reconocido como d\u00eda festivo local en la ciudad.<\/p>\n<p style=\"font-weight: 400; text-align: justify;\">El secretario general y portavoz socialista, Daniel Fern\u00e1ndez, ha subrayado que esta propuesta responde al arraigo hist\u00f3rico y popular de la celebraci\u00f3n, especialmente vinculada a la tradici\u00f3n marinera de Santander. \u201cLa Virgen del Carmen es la patrona de la gente del mar y su festividad es una se\u00f1a de identidad de nuestra ciudad. En el Barrio Pesquero, en Nueva Monta\u00f1a y en la parroquia de los Carmelitas se celebran actos multitudinarios que combinan cultura, tradici\u00f3n y devoci\u00f3n popular. Es un d\u00eda que ya vive toda Santander y que ahora debe tener el reconocimiento institucional que merece\u201d, ha se\u00f1alado.<\/p>\n<p style=\"font-weight: 400; text-align: justify;\">Fern\u00e1ndez ha recordado que cada a\u00f1o miles de vecinos y vecinas participan en las procesiones mar\u00edtimas y terrestres, las verbenas, las regatas y las actividades culturales y religiosas que se organizan en torno a esta fecha. \u201cNo estamos hablando solo de una celebraci\u00f3n religiosa, sino de una cita cultural y festiva de primer nivel en el calendario santanderino, con una enorme capacidad de movilizaci\u00f3n comunitaria y proyecci\u00f3n tur\u00edstica\u201d, ha afirmado.<\/p>\n<p style=\"font-weight: 400; text-align: justify;\">El portavoz socialista ha a\u00f1adido que el reconocimiento oficial de la festividad del Carmen como d\u00eda festivo local supondr\u00eda \u201cdar valor a lo que ya es un patrimonio vivo de la ciudad\u201d, adem\u00e1s de reforzar la identidad cultural ligada al mar. \u201cSantander no puede dar la espalda a su tradici\u00f3n marinera ni a una de sus fiestas m\u00e1s queridas. Desde el PSOE apostamos por un modelo de ciudad que cuide sus ra\u00edces, que escuche a sus barrios y que ponga en valor lo que nos hace \u00fanicos\u201d, ha concluido.<\/p>\n<p style=\"font-weight: 400; text-align: justify;\">Asimismo, los socialistas han insistido en que, cuando alguno de los dos festivos locales tradicionales de Santander (Santiago y Santos M\u00e1rtires) coincida en domingo y quede un d\u00eda disponible para el calendario laboral, ese festivo pueda trasladarse no solo a la Virgen del Mar \u2014como se hace habitualmente\u2014 sino tambi\u00e9n a la festividad del Carmen, para que ambas celebraciones puedan alternarse y contar con reconocimiento institucional en distintos a\u00f1os.<\/p>\n<p style=\"font-weight: 400; text-align: justify;\">Fern\u00e1ndez ha recordado que el PSOE ya defendi\u00f3 en el Pleno de agosto de 2024 la alternancia entre las festividades de la Virgen del Mar y la Virgen del Carmen, \u201cuna propuesta que busca reconocer ambas tradiciones marineras de Santander y dar voz a barrios como San Rom\u00e1n y el Barrio Pesquero, que viven estas celebraciones como parte esencial de su identidad\u201d.<\/p>\n","protected":false},"excerpt":{"rendered":"<p>El Grupo Municipal Socialista en el Ayuntamiento de Santander ha defendido hoy en la Comisi\u00f3n de Cultura que el 16 de julio, festividad de la Virgen del Carmen, sea reconocido como d\u00eda festivo local en la ciudad. El secretario general y portavoz socialista, Daniel Fern\u00e1ndez, ha subrayado que esta propuesta responde al arraigo hist\u00f3rico y [&hellip;]<\/p>\n","protected":false},"author":12,"featured_media":10969,"comment_status":"open","ping_status":"closed","sticky":false,"template":"","format":"standard","meta":{"tdm_status":"","tdm_grid_status":"","footnotes":""},"categories":[20,16,55],"tags":[],"class_list":["post-10968","post","type-post","status-publish","format-standard","has-post-thumbnail","hentry","category-santander","category-noticias-santander","category-arco-de-la-bahia"],"_links":{"self":[{"href":"https:\/\/www.psc-psoe.es\/index.php\/wp-json\/wp\/v2\/posts\/10968","targetHints":{"allow":["GET"]}}],"collection":[{"href":"https:\/\/www.psc-psoe.es\/index.php\/wp-json\/wp\/v2\/posts"}],"about":[{"href":"https:\/\/www.psc-psoe.es\/index.php\/wp-json\/wp\/v2\/types\/post"}],"author":[{"embeddable":true,"href":"https:\/\/www.psc-psoe.es\/index.php\/wp-json\/wp\/v2\/users\/12"}],"replies":[{"embeddable":true,"href":"https:\/\/www.psc-psoe.es\/index.php\/wp-json\/wp\/v2\/comments?post=10968"}],"version-history":[{"count":1,"href":"https:\/\/www.psc-psoe.es\/index.php\/wp-json\/wp\/v2\/posts\/10968\/revisions"}],"predecessor-version":[{"id":10970,"href":"https:\/\/www.psc-psoe.es\/index.php\/wp-json\/wp\/v2\/posts\/10968\/revisions\/10970"}],"wp:featuredmedia":[{"embeddable":true,"href":"https:\/\/www.psc-psoe.es\/index.php\/wp-json\/wp\/v2\/media\/10969"}],"wp:attachment":[{"href":"https:\/\/www.psc-psoe.es\/index.php\/wp-json\/wp\/v2\/media?parent=10968"}],"wp:term":[{"taxonomy":"category","embeddable":true,"href":"https:\/\/www.psc-psoe.es\/index.php\/wp-json\/wp\/v2\/categories?post=10968"},{"taxonomy":"post_tag","embeddable":true,"href":"https:\/\/www.psc-psoe.es\/index.php\/wp-json\/wp\/v2\/tags?post=10968"}],"curies":[{"name":"wp","href":"https:\/\/api.w.org\/{rel}","templated":true}]}}