{"id":10962,"date":"2025-08-24T09:33:49","date_gmt":"2025-08-24T08:33:49","guid":{"rendered":"https:\/\/www.psc-psoe.es\/?p=10962"},"modified":"2025-08-24T09:33:49","modified_gmt":"2025-08-24T08:33:49","slug":"el-psoe-denuncia-la-decada-perdida-del-pp-en-urbanismo-santander-seguira-sin-plan-general-hasta-2029","status":"publish","type":"post","link":"https:\/\/www.psc-psoe.es\/index.php\/2025\/08\/24\/el-psoe-denuncia-la-decada-perdida-del-pp-en-urbanismo-santander-seguira-sin-plan-general-hasta-2029\/","title":{"rendered":"El PSOE denuncia la d\u00e9cada perdida del PP en urbanismo: Santander seguir\u00e1 sin Plan General hasta 2029"},"content":{"rendered":"<p style=\"font-weight: 400; text-align: justify;\">El secretario general del PSOE Santander y portavoz municipal, Daniel Fern\u00e1ndez, ha calificado de \u201cinadmisible\u201d que el nuevo Plan General de Ordenaci\u00f3n Urbana (PGOU) no est\u00e9 aprobado hasta 2029, tal y como adelant\u00f3 ayer el equipo de Gobierno del PP, lo que supone trece a\u00f1os de par\u00e1lisis desde que el Tribunal Supremo anul\u00f3 en 2016 el plan aprobado en 2012 \u00fanicamente con el voto en contra del PSOE.<\/p>\n<p style=\"font-weight: 400; text-align: justify;\">Fern\u00e1ndez ha recordado que \u201cSantander vive desde hace m\u00e1s de una d\u00e9cada sin una hoja de ruta urban\u00edstica, porque hoy sigue en vigor el Plan de 1997, totalmente obsoleto para afrontar los retos actuales de vivienda, movilidad, sostenibilidad o planificaci\u00f3n de barrios\u201d.<\/p>\n<p style=\"font-weight: 400; text-align: justify;\">\u201cLo que ayer anunci\u00f3 el PP es la constataci\u00f3n de su incapacidad y mala gesti\u00f3n: han perdido dos legislaturas enteras y, si cumplen su calendario, veremos si tambi\u00e9n se pierde una tercera. Santander no puede esperar trece a\u00f1os m\u00e1s para tener un urbanismo moderno, justo y sostenible\u201d, ha subrayado.<\/p>\n<p style=\"font-weight: 400; text-align: justify;\">El PSOE denuncia que esta situaci\u00f3n ha tenido consecuencias muy graves para la ciudad: millones de euros malgastados en un plan anulado y en tramitaciones fallidas, proyectos estrat\u00e9gicos frustrados al carecer de un marco legal actualizado y oportunidades de inversi\u00f3n perdidas frente a otras ciudades que s\u00ed planifican su futuro. En definitiva, una ciudad sin rumbo, que ha perdido potencial econ\u00f3mico, social y cultural.<\/p>\n<p style=\"font-weight: 400; text-align: justify;\">Adem\u00e1s, Daniel Fern\u00e1ndez advierte de que la falta de un PGOU actualizado no solo retrasa proyectos de gran escala, sino que tambi\u00e9n complica la vida cotidiana de los vecinos y vecinas. Licencias eternas para reformas menores, ausencia de seguridad jur\u00eddica para peque\u00f1as inversiones o dificultades para impulsar iniciativas de regeneraci\u00f3n urbana en los barrios son problemas que hoy sufren directamente las familias y el comercio local.<\/p>\n<p style=\"font-weight: 400; text-align: justify;\">Fern\u00e1ndez ha subrayado que la modernizaci\u00f3n del urbanismo en Santander deber\u00eda ir de la mano de una estrategia integral de movilidad, vivienda y medio ambiente. \u201cNo hablamos solo de planos y documentos t\u00e9cnicos: hablamos de c\u00f3mo se conectan nuestros barrios con rampas, y transporte p\u00fablico y aparcamiento, de c\u00f3mo se protege el suelo frente a la especulaci\u00f3n y de c\u00f3mo se garantiza que haya vivienda asequible para que los j\u00f3venes no tengan que marcharse de la ciudad. Y tambi\u00e9n hablamos de devolver los \u00e1rboles a una ciudad que el PP ha llenado de cemento, porque necesitamos m\u00e1s sombra, m\u00e1s verde y m\u00e1s vida en nuestras calles y plazas\u201d, ha remarcado.<\/p>\n<p style=\"font-weight: 400; text-align: justify;\">\u201cNadie asume responsabilidades en el PP por el enorme da\u00f1o que han causado a Santander. Han condenado a nuestra ciudad a trece a\u00f1os de incertidumbre urban\u00edstica, a hipotecar su futuro y a que sigamos funcionando con un plan del siglo pasado\u201d, ha lamentado el portavoz socialista.<\/p>\n<p style=\"font-weight: 400; text-align: justify;\">El PSOE insiste en la necesidad de un nuevo modelo de ciudad, verde, habitable y con vivienda asequible, elaborado con participaci\u00f3n ciudadana y pensando en las necesidades reales de los vecinos y vecinas.<\/p>\n","protected":false},"excerpt":{"rendered":"<p>El secretario general del PSOE Santander y portavoz municipal, Daniel Fern\u00e1ndez, ha calificado de \u201cinadmisible\u201d que el nuevo Plan General de Ordenaci\u00f3n Urbana (PGOU) no est\u00e9 aprobado hasta 2029, tal y como adelant\u00f3 ayer el equipo de Gobierno del PP, lo que supone trece a\u00f1os de par\u00e1lisis desde que el Tribunal Supremo anul\u00f3 en 2016 [&hellip;]<\/p>\n","protected":false},"author":12,"featured_media":10963,"comment_status":"open","ping_status":"closed","sticky":false,"template":"","format":"standard","meta":{"tdm_status":"","tdm_grid_status":"","footnotes":""},"categories":[20,55],"tags":[],"class_list":["post-10962","post","type-post","status-publish","format-standard","has-post-thumbnail","hentry","category-santander","category-arco-de-la-bahia"],"_links":{"self":[{"href":"https:\/\/www.psc-psoe.es\/index.php\/wp-json\/wp\/v2\/posts\/10962","targetHints":{"allow":["GET"]}}],"collection":[{"href":"https:\/\/www.psc-psoe.es\/index.php\/wp-json\/wp\/v2\/posts"}],"about":[{"href":"https:\/\/www.psc-psoe.es\/index.php\/wp-json\/wp\/v2\/types\/post"}],"author":[{"embeddable":true,"href":"https:\/\/www.psc-psoe.es\/index.php\/wp-json\/wp\/v2\/users\/12"}],"replies":[{"embeddable":true,"href":"https:\/\/www.psc-psoe.es\/index.php\/wp-json\/wp\/v2\/comments?post=10962"}],"version-history":[{"count":1,"href":"https:\/\/www.psc-psoe.es\/index.php\/wp-json\/wp\/v2\/posts\/10962\/revisions"}],"predecessor-version":[{"id":10964,"href":"https:\/\/www.psc-psoe.es\/index.php\/wp-json\/wp\/v2\/posts\/10962\/revisions\/10964"}],"wp:featuredmedia":[{"embeddable":true,"href":"https:\/\/www.psc-psoe.es\/index.php\/wp-json\/wp\/v2\/media\/10963"}],"wp:attachment":[{"href":"https:\/\/www.psc-psoe.es\/index.php\/wp-json\/wp\/v2\/media?parent=10962"}],"wp:term":[{"taxonomy":"category","embeddable":true,"href":"https:\/\/www.psc-psoe.es\/index.php\/wp-json\/wp\/v2\/categories?post=10962"},{"taxonomy":"post_tag","embeddable":true,"href":"https:\/\/www.psc-psoe.es\/index.php\/wp-json\/wp\/v2\/tags?post=10962"}],"curies":[{"name":"wp","href":"https:\/\/api.w.org\/{rel}","templated":true}]}}