{"id":10948,"date":"2025-08-19T20:26:29","date_gmt":"2025-08-19T19:26:29","guid":{"rendered":"https:\/\/www.psc-psoe.es\/?p=10948"},"modified":"2025-08-19T20:26:29","modified_gmt":"2025-08-19T19:26:29","slug":"daniel-fernandez-gobernar-no-es-tapar-bocas-es-planificar-una-ciudad-mejor-para-todos","status":"publish","type":"post","link":"https:\/\/www.psc-psoe.es\/index.php\/2025\/08\/19\/daniel-fernandez-gobernar-no-es-tapar-bocas-es-planificar-una-ciudad-mejor-para-todos\/","title":{"rendered":"Daniel Fern\u00e1ndez: \u201cGobernar no es tapar bocas, es planificar una ciudad mejor para todos\u201d"},"content":{"rendered":"<p style=\"font-weight: 400; text-align: justify;\">El secretario general y portavoz del Grupo Municipal Socialista, Daniel Fern\u00e1ndez, ha respondido hoy con firmeza a las declaraciones de la alcaldesa, Gema Igual, sobre el aparcamiento de autocaravanas en Matale\u00f1as, despu\u00e9s de que afirmara que se mantendr\u00e1 \u201cesperando a que se construya otro para tapar bocas\u201d.<\/p>\n<p style=\"font-weight: 400; text-align: justify;\">\u201cUna alcaldesa no est\u00e1 para tapar bocas, est\u00e1 para resolver problemas. No se puede gobernar Santander con frases impropias de una representante p\u00fablica y con decisiones improvisadas que solo buscan salir del paso\u201d, ha denunciado Fern\u00e1ndez.<\/p>\n<p style=\"font-weight: 400; text-align: justify;\">El portavoz socialista ha advertido de que \u201clos santanderinos y santanderinas quieren una alcaldesa que les respete y que planifique el futuro de la ciudad, no una regidora que desprecie las cr\u00edticas y gobierne con ocurrencias\u201d.<\/p>\n<p style=\"font-weight: 400; text-align: justify;\">En este sentido, Fern\u00e1ndez ha se\u00f1alado que el Partido Popular \u201cvuelve a demostrar que carece de modelo de ciudad, improvisando soluciones parciales que no atienden ni al turismo ni a los vecinos, y utilizando el Ayuntamiento para la propaganda en lugar de para la gesti\u00f3n responsable\u201d.<\/p>\n<p style=\"font-weight: 400; text-align: justify;\">\u201cSantander necesita una planificaci\u00f3n seria en movilidad y turismo, que equilibre el descanso y la vida de los barrios con la llegada de visitantes, garantizando siempre el respeto al entorno natural\u201d, ha a\u00f1adido.<\/p>\n<p style=\"font-weight: 400; text-align: justify;\">Para Fern\u00e1ndez, las palabras de Igual \u201cson un reflejo de la falta de respeto institucional y pol\u00edtico hacia los vecinos\u201d, y ha insistido en que el PSOE de Santander seguir\u00e1 trabajando por un modelo de ciudad sostenible, ordenado y pensado para mejorar la vida de la mayor\u00eda.<\/p>\n<p style=\"font-weight: 400; text-align: justify;\">\u201cLo que sobra son las ocurrencias y las salidas de tono; lo que hace falta son soluciones reales, planificaci\u00f3n y respeto a los ciudadanos y ciudadanas de Santander\u201d, ha concluido el portavoz socialista.<\/p>\n","protected":false},"excerpt":{"rendered":"<p>El secretario general y portavoz del Grupo Municipal Socialista, Daniel Fern\u00e1ndez, ha respondido hoy con firmeza a las declaraciones de la alcaldesa, Gema Igual, sobre el aparcamiento de autocaravanas en Matale\u00f1as, despu\u00e9s de que afirmara que se mantendr\u00e1 \u201cesperando a que se construya otro para tapar bocas\u201d. \u201cUna alcaldesa no est\u00e1 para tapar bocas, est\u00e1 [&hellip;]<\/p>\n","protected":false},"author":12,"featured_media":10949,"comment_status":"open","ping_status":"closed","sticky":false,"template":"","format":"standard","meta":{"tdm_status":"","tdm_grid_status":"","footnotes":""},"categories":[20,16,55],"tags":[],"class_list":["post-10948","post","type-post","status-publish","format-standard","has-post-thumbnail","hentry","category-santander","category-noticias-santander","category-arco-de-la-bahia"],"_links":{"self":[{"href":"https:\/\/www.psc-psoe.es\/index.php\/wp-json\/wp\/v2\/posts\/10948","targetHints":{"allow":["GET"]}}],"collection":[{"href":"https:\/\/www.psc-psoe.es\/index.php\/wp-json\/wp\/v2\/posts"}],"about":[{"href":"https:\/\/www.psc-psoe.es\/index.php\/wp-json\/wp\/v2\/types\/post"}],"author":[{"embeddable":true,"href":"https:\/\/www.psc-psoe.es\/index.php\/wp-json\/wp\/v2\/users\/12"}],"replies":[{"embeddable":true,"href":"https:\/\/www.psc-psoe.es\/index.php\/wp-json\/wp\/v2\/comments?post=10948"}],"version-history":[{"count":1,"href":"https:\/\/www.psc-psoe.es\/index.php\/wp-json\/wp\/v2\/posts\/10948\/revisions"}],"predecessor-version":[{"id":10950,"href":"https:\/\/www.psc-psoe.es\/index.php\/wp-json\/wp\/v2\/posts\/10948\/revisions\/10950"}],"wp:featuredmedia":[{"embeddable":true,"href":"https:\/\/www.psc-psoe.es\/index.php\/wp-json\/wp\/v2\/media\/10949"}],"wp:attachment":[{"href":"https:\/\/www.psc-psoe.es\/index.php\/wp-json\/wp\/v2\/media?parent=10948"}],"wp:term":[{"taxonomy":"category","embeddable":true,"href":"https:\/\/www.psc-psoe.es\/index.php\/wp-json\/wp\/v2\/categories?post=10948"},{"taxonomy":"post_tag","embeddable":true,"href":"https:\/\/www.psc-psoe.es\/index.php\/wp-json\/wp\/v2\/tags?post=10948"}],"curies":[{"name":"wp","href":"https:\/\/api.w.org\/{rel}","templated":true}]}}