{"id":10938,"date":"2025-08-19T08:27:22","date_gmt":"2025-08-19T07:27:22","guid":{"rendered":"https:\/\/www.psc-psoe.es\/?p=10938"},"modified":"2025-08-19T08:39:58","modified_gmt":"2025-08-19T07:39:58","slug":"el-psoe-propone-establecer-un-plazo-de-un-mes-para-la-concesion-de-ayudas-a-los-ganaderos-por-danos-del-lobo","status":"publish","type":"post","link":"https:\/\/www.psc-psoe.es\/index.php\/2025\/08\/19\/el-psoe-propone-establecer-un-plazo-de-un-mes-para-la-concesion-de-ayudas-a-los-ganaderos-por-danos-del-lobo\/","title":{"rendered":"El PSOE propone establecer un plazo de un mes para la concesi\u00f3n de ayudas a los ganaderos por da\u00f1os del lobo"},"content":{"rendered":"<p style=\"text-align: justify;\">El PSOE de Cantabria ha presentado alegaciones al proyecto de decreto por el que se aprueba el Plan de Gesti\u00f3n del Lobo en Cantabria, elaborado por el gobierno auton\u00f3mico, que contiene previsiones y directrices \u201cque resultan inadecuadas e insuficientes para garantizar la coexistencia sostenible entre el lobo ib\u00e9rico y la ganader\u00eda en Cantabria\u201d.<\/p>\n<p style=\"text-align: justify;\">As\u00ed lo ha expresado el secretario de Transici\u00f3n Ecol\u00f3gica de la Comisi\u00f3n Ejecutiva Auton\u00f3mica, Gonzalo Fern\u00e1ndez Villegas, que ha se\u00f1alado que \u201ces evidente, a las pruebas de lo que estamos viendo que ocurre en Vega de Pas que el sistema planteado por el PP no funciona y por eso apostamos por la prevenci\u00f3n y la extracci\u00f3n selectiva de ejemplares\u201d.<\/p>\n<p style=\"text-align: justify;\">\u201cSi hubiera un plan real de prevenci\u00f3n y de extracci\u00f3n selectiva tras el estudio y an\u00e1lisis de la situaci\u00f3n concreta en cada lugar de Cantabria, se habr\u00eda actuado en la Vega de Pas y no habr\u00eda ocurrido lo que ha ocurrido, que han dejado a su suerte a los ganaderos y, adem\u00e1s, sin resolver las resoluciones con las ayudas que les corresponden\u201d, ha expresado el responsable socialista.<\/p>\n<p style=\"text-align: justify;\">Para Fern\u00e1ndez Villegas, \u201clo urgente es establecer un plazo de un mes para que sean concedidas las ayudas a los ganaderos por da\u00f1os, algo que el gobierno de Mar\u00eda Jos\u00e9 S\u00e1enz de Buruaga no plantea en su decreto\u201d.<\/p>\n<p style=\"text-align: justify;\">\u201cEl sistema de indemnizaciones debe garantizar el pago efectivo al ganadero en un plazo m\u00e1ximo de un mes desde la acreditaci\u00f3n de los da\u00f1os\u201d, ha reiterado.<\/p>\n<p style=\"text-align: justify;\">Sobre el borrador del plan planteado por el ejecutivo auton\u00f3mico, el secretario de Transici\u00f3n Ecol\u00f3gica del PSOE c\u00e1ntabro ha afirmado que \u201cmantiene un peso desproporcionado en el control de ejemplares, con un cupo de extracci\u00f3n anual de hasta el 20% de la poblaci\u00f3n, mientras que las medidas preventivas y de apoyo a los ganaderos carecen de un desarrollo detallado, de un compromiso presupuestario s\u00f3lido y de un sistema de evaluaci\u00f3n eficaz\u201d.<\/p>\n<p style=\"text-align: justify;\">Los socialistas c\u00e1ntabros han planteado en las alegaciones sustituir el l\u00edmite gen\u00e9rico del 20% por un sistema selectivo y condicionado a casos documentados y atribuibles a individuos concretos, previo informe cient\u00edfico-t\u00e9cnico.<\/p>\n<p style=\"text-align: justify;\">As\u00ed, Fern\u00e1ndez Villegas ha dicho que \u201cla Consejer\u00eda de Ganader\u00eda, en los \u00faltimos a\u00f1os, ha mostrado una evidente falta de gesti\u00f3n en materia de prevenci\u00f3n, limit\u00e1ndose a medidas puntuales y sin un plan integral que priorice la coexistencia\u201d, ha enfatizado.<\/p>\n<p style=\"text-align: justify;\">Por ello, para Fern\u00e1ndez Villegas, \u201cesa ausencia de estrategia preventiva ha incrementado la conflictividad, ha debilitado la confianza del sector ganadero en la administraci\u00f3n y ha generado un gasto p\u00fablico m\u00e1s elevado en indemnizaciones, que podr\u00edan haberse reducido invirtiendo en protecci\u00f3n directa del ganado\u201d.<\/p>\n<p style=\"text-align: justify;\">Desde el PSOE de Cantabria, ha asegurad el dirigente socialista, \u201capostamos porque cualquier actuaci\u00f3n de control debe basarse en la identificaci\u00f3n de individuos concretos responsables de da\u00f1os reiterados, y no en cuotas generales\u201d.<\/p>\n<p style=\"text-align: justify;\">Fern\u00e1ndez Villegas ha criticado que el actual Gobierno del PP, tras suprimir la inclusi\u00f3n del lobo en la LESPRE ha provocado la p\u00e9rdida de m\u00e1s de 2,6 millones de euros anuales en fondos estatales para prevenci\u00f3n y compensaci\u00f3n.<\/p>\n<p style=\"text-align: justify;\">\u201cLa coexistencia entre lobo y ganader\u00eda requiere inversiones reales y estables en mastines, cercados, pastores y sistemas innovadores de disuasi\u00f3n, acompa\u00f1adas de asesoramiento t\u00e9cnico especializado para elegir, planificar y poner en pr\u00e1ctica las medidas preventivas\u201d, ha aseverado.<\/p>\n<p style=\"text-align: justify;\">Sobre medidas preventivas, los socialistas han planteado incluir un programa de subvenciones integrales al 100% para mastines, cercados, collares protectores, refugios nocturnos, disuasores y un servicio p\u00fablico de t\u00e9cnicos especializados para elegir, planificar y poner en pr\u00e1ctica las medidas preventivas.<\/p>\n<p style=\"text-align: justify;\">Por \u00faltimo, Gonzalo Fern\u00e1ndez Villegas ha propuesto que la dotaci\u00f3n presupuestaria m\u00ednima anual para las ayudas a los ganaderos sea equivalente a la media de fondos estatales previos a la exclusi\u00f3n de la LESPRE.<\/p>\n<p style=\"text-align: justify;\">\n","protected":false},"excerpt":{"rendered":"<p>El PSOE de Cantabria ha presentado alegaciones al proyecto de decreto por el que se aprueba el Plan de Gesti\u00f3n del Lobo en Cantabria, elaborado por el gobierno auton\u00f3mico, que contiene previsiones y directrices \u201cque resultan inadecuadas e insuficientes para garantizar la coexistencia sostenible entre el lobo ib\u00e9rico y la ganader\u00eda en Cantabria\u201d. As\u00ed lo [&hellip;]<\/p>\n","protected":false},"author":12,"featured_media":10854,"comment_status":"open","ping_status":"closed","sticky":false,"template":"","format":"standard","meta":{"tdm_status":"","tdm_grid_status":"","footnotes":""},"categories":[14,24,25],"tags":[],"class_list":["post-10938","post","type-post","status-publish","format-standard","has-post-thumbnail","hentry","category-notas-de-prensa","category-partido","category-actualidad"],"_links":{"self":[{"href":"https:\/\/www.psc-psoe.es\/index.php\/wp-json\/wp\/v2\/posts\/10938","targetHints":{"allow":["GET"]}}],"collection":[{"href":"https:\/\/www.psc-psoe.es\/index.php\/wp-json\/wp\/v2\/posts"}],"about":[{"href":"https:\/\/www.psc-psoe.es\/index.php\/wp-json\/wp\/v2\/types\/post"}],"author":[{"embeddable":true,"href":"https:\/\/www.psc-psoe.es\/index.php\/wp-json\/wp\/v2\/users\/12"}],"replies":[{"embeddable":true,"href":"https:\/\/www.psc-psoe.es\/index.php\/wp-json\/wp\/v2\/comments?post=10938"}],"version-history":[{"count":1,"href":"https:\/\/www.psc-psoe.es\/index.php\/wp-json\/wp\/v2\/posts\/10938\/revisions"}],"predecessor-version":[{"id":10941,"href":"https:\/\/www.psc-psoe.es\/index.php\/wp-json\/wp\/v2\/posts\/10938\/revisions\/10941"}],"wp:featuredmedia":[{"embeddable":true,"href":"https:\/\/www.psc-psoe.es\/index.php\/wp-json\/wp\/v2\/media\/10854"}],"wp:attachment":[{"href":"https:\/\/www.psc-psoe.es\/index.php\/wp-json\/wp\/v2\/media?parent=10938"}],"wp:term":[{"taxonomy":"category","embeddable":true,"href":"https:\/\/www.psc-psoe.es\/index.php\/wp-json\/wp\/v2\/categories?post=10938"},{"taxonomy":"post_tag","embeddable":true,"href":"https:\/\/www.psc-psoe.es\/index.php\/wp-json\/wp\/v2\/tags?post=10938"}],"curies":[{"name":"wp","href":"https:\/\/api.w.org\/{rel}","templated":true}]}}