{"id":10935,"date":"2025-08-18T13:15:41","date_gmt":"2025-08-18T12:15:41","guid":{"rendered":"https:\/\/www.psc-psoe.es\/?p=10935"},"modified":"2025-08-18T13:15:41","modified_gmt":"2025-08-18T12:15:41","slug":"el-psoe-participa-en-el-recuerdo-a-rafael-rodriguez-rapun-en-el-cementerio-de-ciriego-en-el-89o-aniversario-del-asesinato-de-federico-garcia-lorca","status":"publish","type":"post","link":"https:\/\/www.psc-psoe.es\/index.php\/2025\/08\/18\/el-psoe-participa-en-el-recuerdo-a-rafael-rodriguez-rapun-en-el-cementerio-de-ciriego-en-el-89o-aniversario-del-asesinato-de-federico-garcia-lorca\/","title":{"rendered":"El PSOE participa en el recuerdo a Rafael Rodr\u00edguez Rapun en el cementerio de Ciriego en el 89\u00ba aniversario del asesinato de Federico Garc\u00eda Lorca"},"content":{"rendered":"<p style=\"font-weight: 400; text-align: justify;\">El PSOE de Cantabria ha participado hoy, cumpli\u00e9ndose el 89\u00ba aniversario del asesinato de Federico Garc\u00eda Lorca, en el homenaje a Rafael Rodr\u00edguez Rapun en el cementerio de Ciriego.<\/p>\n<p style=\"font-weight: 400; text-align: justify;\">La secretaria de Memoria Democr\u00e1tica de la Comisi\u00f3n Ejecutiva Auton\u00f3mica, Zoraida Hijosa, ha participado en este acto organizado por la asociaci\u00f3n de H\u00e9roes de la Rep\u00fablica y la Libertad, llevando flores a la tumba de Rodr\u00edguez Rapun, \u201cmuy unido a Cantabria\u201d, junto al secretario de Organizaci\u00f3n, Agust\u00edn Molleda, y el secretario de Pol\u00edtica Auton\u00f3mica y portavoz parlamentario, Mario Iglesias.<\/p>\n<p style=\"font-weight: 400; text-align: justify;\">Hijosa ha destacado la contribuci\u00f3n \u201cde una generaci\u00f3n que luch\u00f3 por llevar la cultura, el arte y la literatura, que son los que hacen hombres y mujeres libres, a todos los rincones de Cantabria y de nuestro pa\u00eds\u201d.<\/p>\n<p style=\"font-weight: 400; text-align: justify;\">\u201cLa Barraca y la obra de Federico Garc\u00eda Lorca y Rafael Rodr\u00edguez Rapun son fundamentales en la historia democr\u00e1tica de nuestro pa\u00eds porque supusieron un ejercicio vanguardista para aquellos a\u00f1os, llevando la cultura a trav\u00e9s del teatro y de las obras del siglo de oro a peque\u00f1os pueblos de zonas rurales\u201d, ha expresado.<\/p>\n<p style=\"font-weight: 400; text-align: justify;\">As\u00ed, la secretaria de Memoria Democr\u00e1tica de los socialistas c\u00e1ntabros ha recordado que Federico Garc\u00eda Lorca y los estudiantes que formaban \u00b4La Barraca\u00b4 recalaron en Santander, en la universidad internacional Men\u00e9ndez Pelayo durante los a\u00f1os 30, \u201cen el germen de esta universidad de verano que hoy sigue siendo un faro de conocimiento social, econ\u00f3mico, cient\u00edfico y cultural\u201d, y tambi\u00e9n en la Casona de Tudanca, donde visitaron a Jos\u00e9 Mar\u00eda de Coss\u00edo.<\/p>\n<p style=\"font-weight: 400; text-align: justify;\">Hijosa ha recordado tambi\u00e9n que \u201ccuando se anuncio el asesinato de Federico Garc\u00eda Lorca por las milicias franquistas a finales de agosto de 1936, Rodr\u00edguez Rapun decidi\u00f3 alistarse para defender a la II Rep\u00fablica y tras el entrenamiento de artiller\u00eda en Lorca (Murcia) fue enviado al frente c\u00e1ntabro con grado de teniente, falleciendo finalmente en Santander un a\u00f1o despu\u00e9s\u201d.<\/p>\n<p style=\"font-weight: 400; text-align: justify;\">Por \u00faltimo, Zoraida Hijosa ha agradecido a la asociaci\u00f3n H\u00e9roes de la Rep\u00fablica y la Libertad \u201ctodo su incansable trabajo para el reconocimiento de los derechos, las libertades y los avances democr\u00e1ticos, sociales y econ\u00f3micos que la II Rep\u00fablica trajeron a Espa\u00f1a y a Cantabria\u201d.<\/p>\n","protected":false},"excerpt":{"rendered":"<p>El PSOE de Cantabria ha participado hoy, cumpli\u00e9ndose el 89\u00ba aniversario del asesinato de Federico Garc\u00eda Lorca, en el homenaje a Rafael Rodr\u00edguez Rapun en el cementerio de Ciriego. La secretaria de Memoria Democr\u00e1tica de la Comisi\u00f3n Ejecutiva Auton\u00f3mica, Zoraida Hijosa, ha participado en este acto organizado por la asociaci\u00f3n de H\u00e9roes de la Rep\u00fablica [&hellip;]<\/p>\n","protected":false},"author":12,"featured_media":10936,"comment_status":"open","ping_status":"closed","sticky":false,"template":"","format":"standard","meta":{"tdm_status":"","tdm_grid_status":"","footnotes":""},"categories":[14,24,25],"tags":[],"class_list":["post-10935","post","type-post","status-publish","format-standard","has-post-thumbnail","hentry","category-notas-de-prensa","category-partido","category-actualidad"],"_links":{"self":[{"href":"https:\/\/www.psc-psoe.es\/index.php\/wp-json\/wp\/v2\/posts\/10935","targetHints":{"allow":["GET"]}}],"collection":[{"href":"https:\/\/www.psc-psoe.es\/index.php\/wp-json\/wp\/v2\/posts"}],"about":[{"href":"https:\/\/www.psc-psoe.es\/index.php\/wp-json\/wp\/v2\/types\/post"}],"author":[{"embeddable":true,"href":"https:\/\/www.psc-psoe.es\/index.php\/wp-json\/wp\/v2\/users\/12"}],"replies":[{"embeddable":true,"href":"https:\/\/www.psc-psoe.es\/index.php\/wp-json\/wp\/v2\/comments?post=10935"}],"version-history":[{"count":1,"href":"https:\/\/www.psc-psoe.es\/index.php\/wp-json\/wp\/v2\/posts\/10935\/revisions"}],"predecessor-version":[{"id":10937,"href":"https:\/\/www.psc-psoe.es\/index.php\/wp-json\/wp\/v2\/posts\/10935\/revisions\/10937"}],"wp:featuredmedia":[{"embeddable":true,"href":"https:\/\/www.psc-psoe.es\/index.php\/wp-json\/wp\/v2\/media\/10936"}],"wp:attachment":[{"href":"https:\/\/www.psc-psoe.es\/index.php\/wp-json\/wp\/v2\/media?parent=10935"}],"wp:term":[{"taxonomy":"category","embeddable":true,"href":"https:\/\/www.psc-psoe.es\/index.php\/wp-json\/wp\/v2\/categories?post=10935"},{"taxonomy":"post_tag","embeddable":true,"href":"https:\/\/www.psc-psoe.es\/index.php\/wp-json\/wp\/v2\/tags?post=10935"}],"curies":[{"name":"wp","href":"https:\/\/api.w.org\/{rel}","templated":true}]}}