{"id":10894,"date":"2025-08-12T11:15:41","date_gmt":"2025-08-12T10:15:41","guid":{"rendered":"https:\/\/www.psc-psoe.es\/?p=10894"},"modified":"2025-08-12T11:15:41","modified_gmt":"2025-08-12T10:15:41","slug":"el-psoe-pide-al-gobierno-de-cantabria-que-se-restablezcan-las-obras-de-la-ca-500-entre-laredo-y-sena","status":"publish","type":"post","link":"https:\/\/www.psc-psoe.es\/index.php\/2025\/08\/12\/el-psoe-pide-al-gobierno-de-cantabria-que-se-restablezcan-las-obras-de-la-ca-500-entre-laredo-y-sena\/","title":{"rendered":"El PSOE pide al Gobierno de Cantabria que se restablezcan las obras de la CA-500 entre Laredo y Se\u00f1a"},"content":{"rendered":"<p style=\"font-weight: 400; text-align: justify;\">El PSOE de Cantabria ha pedido hoy al Gobierno auton\u00f3mico que se restablezcan las obras de la CA-500 entre Laredo y Se\u00f1a.<\/p>\n<p style=\"font-weight: 400; text-align: justify;\">As\u00ed lo ha reivindicado el alcalde ped\u00e1neo de Se\u00f1a, Jes\u00fas Mar\u00eda R\u00edos, que ha denunciado que las obras \u201cest\u00e1n paralizadas desde comienzos de julio generando preocupaci\u00f3n a los vecinos, as\u00ed como pinchazos y desperfectos por el mal estado del firme de la carretera\u201d.<\/p>\n<p style=\"font-weight: 400; text-align: justify;\">R\u00edos ha se\u00f1alado que \u201ceste par\u00f3n\u201d en las obras de mejora y acondicionamiento en esta v\u00eda, \u201cmuy utilizada por los vecinos de la pedan\u00eda\u201d, est\u00e1 generando \u201cmucha preocupaci\u00f3n\u201d porque \u201chace semanas que no hay actividad visible para culminar las obras\u201d.<\/p>\n<p style=\"font-weight: 400; text-align: justify;\">As\u00ed, el alcalde ped\u00e1neo ha recordado que las obras para la mejora de esta infraestructura tienen un presupuesto de tres millones de euros y un plazo de ejecuci\u00f3n de 18 meses, \u201cconstituye una infraestructura imprescindible para el d\u00eda a d\u00eda de los vecinos\u201d.<\/p>\n<p style=\"font-weight: 400; text-align: justify;\">Para el alcalde ped\u00e1neo de Se\u00f1a, \u201cla falta de informaci\u00f3n sobre el estado de estas obras, sobre su paralizaci\u00f3n y sobre el fin de las mismas por parte del Gobierno de Cantabria nos preocupa porque no entendemos a qu\u00e9 responde tanto silencio\u201d.<\/p>\n<p style=\"font-weight: 400; text-align: justify;\">Adem\u00e1s, como ha explicado R\u00edos, \u201cal desconocimiento y la preocupaci\u00f3n sobre cuando se retomar\u00e1n unas obras fundamentales para la pedan\u00eda se suma el inicio del curso escolar en septiembre, donde esta v\u00eda es la usada por los docentes de Se\u00f1a para acudir a los centros educativos de Laredo y que ver\u00e1n modificados de nuevo sus horarios por la necesidad de usar una v\u00eda alternativa\u201d.<\/p>\n<p style=\"font-weight: 400; text-align: justify;\">\u201cLa obra se encuentra paralizada desde la primera semana de julio como consecuencia de los aumentos de presupuesto y de falta de acuerdo entre la empresa constructora y el Gobierno de Cantabria, lo que impide la reanudaci\u00f3n de los trabajos\u201d, ha dicho.<\/p>\n<p style=\"font-weight: 400; text-align: justify;\">Finalmente, Jes\u00fas Mar\u00eda R\u00edos ha pedido al Gobierno de Cantabria \u201cceleridad para resolver esta par\u00e1lisis en las obras y transparencia para que los vecinos de Se\u00f1a sepamos a que se debe esta demora\u201d.<\/p>\n","protected":false},"excerpt":{"rendered":"<p>El PSOE de Cantabria ha pedido hoy al Gobierno auton\u00f3mico que se restablezcan las obras de la CA-500 entre Laredo y Se\u00f1a. As\u00ed lo ha reivindicado el alcalde ped\u00e1neo de Se\u00f1a, Jes\u00fas Mar\u00eda R\u00edos, que ha denunciado que las obras \u201cest\u00e1n paralizadas desde comienzos de julio generando preocupaci\u00f3n a los vecinos, as\u00ed como pinchazos y [&hellip;]<\/p>\n","protected":false},"author":12,"featured_media":10895,"comment_status":"open","ping_status":"closed","sticky":false,"template":"","format":"standard","meta":{"tdm_status":"","tdm_grid_status":"","footnotes":""},"categories":[40],"tags":[],"class_list":["post-10894","post","type-post","status-publish","format-standard","has-post-thumbnail","hentry","category-ason-aguera"],"_links":{"self":[{"href":"https:\/\/www.psc-psoe.es\/index.php\/wp-json\/wp\/v2\/posts\/10894","targetHints":{"allow":["GET"]}}],"collection":[{"href":"https:\/\/www.psc-psoe.es\/index.php\/wp-json\/wp\/v2\/posts"}],"about":[{"href":"https:\/\/www.psc-psoe.es\/index.php\/wp-json\/wp\/v2\/types\/post"}],"author":[{"embeddable":true,"href":"https:\/\/www.psc-psoe.es\/index.php\/wp-json\/wp\/v2\/users\/12"}],"replies":[{"embeddable":true,"href":"https:\/\/www.psc-psoe.es\/index.php\/wp-json\/wp\/v2\/comments?post=10894"}],"version-history":[{"count":1,"href":"https:\/\/www.psc-psoe.es\/index.php\/wp-json\/wp\/v2\/posts\/10894\/revisions"}],"predecessor-version":[{"id":10896,"href":"https:\/\/www.psc-psoe.es\/index.php\/wp-json\/wp\/v2\/posts\/10894\/revisions\/10896"}],"wp:featuredmedia":[{"embeddable":true,"href":"https:\/\/www.psc-psoe.es\/index.php\/wp-json\/wp\/v2\/media\/10895"}],"wp:attachment":[{"href":"https:\/\/www.psc-psoe.es\/index.php\/wp-json\/wp\/v2\/media?parent=10894"}],"wp:term":[{"taxonomy":"category","embeddable":true,"href":"https:\/\/www.psc-psoe.es\/index.php\/wp-json\/wp\/v2\/categories?post=10894"},{"taxonomy":"post_tag","embeddable":true,"href":"https:\/\/www.psc-psoe.es\/index.php\/wp-json\/wp\/v2\/tags?post=10894"}],"curies":[{"name":"wp","href":"https:\/\/api.w.org\/{rel}","templated":true}]}}