{"id":10882,"date":"2025-08-08T13:42:19","date_gmt":"2025-08-08T12:42:19","guid":{"rendered":"https:\/\/www.psc-psoe.es\/?p=10882"},"modified":"2025-08-08T13:43:09","modified_gmt":"2025-08-08T12:43:09","slug":"el-psoe-pide-explicaciones-al-gobierno-de-cantabria-sobre-la-paralisis-de-los-fondos-europeos-en-la-cuenca-del-besaya","status":"publish","type":"post","link":"https:\/\/www.psc-psoe.es\/index.php\/2025\/08\/08\/el-psoe-pide-explicaciones-al-gobierno-de-cantabria-sobre-la-paralisis-de-los-fondos-europeos-en-la-cuenca-del-besaya\/","title":{"rendered":"El PSOE pide explicaciones al Gobierno de Cantabria sobre la par\u00e1lisis de los fondos europeos en la cuenca del Besaya"},"content":{"rendered":"<p style=\"font-weight: 400;\">El secretario de Pol\u00edtica Europea e Internacional del PSOE de Cantabria, David Sanjuan, ha recordado la paralizaci\u00f3n del fondo STEP (Plataforma Europea de Tecnolog\u00edas Estrat\u00e9gicas) destinado a la reindustrializaci\u00f3n de la cuenca del Besaya y ha exigido al Gobierno de Cantabria \u201ctransparencia inmediata y una rectificaci\u00f3n urgente ante lo que podr\u00eda ser una oportunidad perdida por su mala gesti\u00f3n\u201d.<\/p>\n<p style=\"font-weight: 400;\">Sanjuan ha recordado que, en noviembre de 2024, el Ejecutivo c\u00e1ntabro anunci\u00f3 \u201ca bombo y platillo\u201d la obtenci\u00f3n de 15 millones de euros de este programa europeo para apoyar una \u00fanica actuaci\u00f3n: la instalaci\u00f3n de una refiner\u00eda de litio en Torrelavega por parte de Lifthium Energy.<\/p>\n<p style=\"font-weight: 400;\">\u201cUn anuncio grandilocuente que hoy est\u00e1 completamente bloqueado, sin garant\u00edas de que la empresa cumpla y sin alternativa para redirigir esos fondos a otras empresas del Besaya\u201d, ha afirmado.<\/p>\n<p style=\"font-weight: 400;\">\u201cEl Gobierno lo apost\u00f3 todo a una sola carta. No hubo planificaci\u00f3n ni estrategia de diversificaci\u00f3n. Despu\u00e9s de 2 a\u00f1os, no existe una hoja de ruta para aprovechar los fondo europeos que deber\u00edan estar ya dinamizando la econom\u00eda de la comarca\u201d, ha criticado.<\/p>\n<p style=\"font-weight: 400;\">David Sanjuan ha subrayado que \u201cotras comunidades aut\u00f3nomas gobernadas por el mismo signo pol\u00edtico que el Ejecutivo c\u00e1ntabro s\u00ed han sabido diversificar sus propuestas, presentando carteras amplias de actuaciones que alcanzan a decenas o incluso cientos de empresas industriales\u201d.<\/p>\n<p style=\"font-weight: 400;\">\u201cMientras otras regiones han utilizado el fondo para consolidar cadenas de valor y apoyar tecnolog\u00edas limpias, inteligencia artificial o microelectr\u00f3nica, Cantabria ha quedado atrapada en la inacci\u00f3n y la opacidad\u201d, ha declarado.<\/p>\n<p style=\"font-weight: 400;\">Asimismo, ha recordado que el proyecto de descarbonizaci\u00f3n de Solvay, presentado como un supuesto \u00e9xito por el Gobierno regional, \u201cni siquiera fue seleccionado entre los ocho proyectos finalmente aprobados por la Comisi\u00f3n Europea\u201d.<\/p>\n<p style=\"font-weight: 400;\">\u201cEl Ejecutivo de Buruaga ha preferido gestionar los fondos europeos con criterios pol\u00edticos y de imagen, en lugar de poner el foco en el tejido productivo. Esa falta de visi\u00f3n estrat\u00e9gica compromete seriamente nuestro futuro industrial\u201d, ha advertido Sanjuan.<\/p>\n<p style=\"font-weight: 400;\">Por todo ello, desde el PSOE de Cantabria \u201cexigiremos a la vuelta del ciclo parlamentario que el Gobierno explique p\u00fablicamente qu\u00e9 piensa hacer con los 15 millones del fondo STEP y qu\u00e9 alternativas propone para no perder definitivamente esos recursos.<\/p>\n<p style=\"font-weight: 400;\">\u201cCantabria no puede permitirse m\u00e1s improvisaciones. La cuenca del Besaya necesita industria, no titulares vac\u00edos\u201d, ha concluido.<\/p>\n<p style=\"font-weight: 400;\">\n","protected":false},"excerpt":{"rendered":"<p>El secretario de Pol\u00edtica Europea e Internacional del PSOE de Cantabria, David Sanjuan, ha recordado la paralizaci\u00f3n del fondo STEP (Plataforma Europea de Tecnolog\u00edas Estrat\u00e9gicas) destinado a la reindustrializaci\u00f3n de la cuenca del Besaya y ha exigido al Gobierno de Cantabria \u201ctransparencia inmediata y una rectificaci\u00f3n urgente ante lo que podr\u00eda ser una oportunidad perdida [&hellip;]<\/p>\n","protected":false},"author":12,"featured_media":9998,"comment_status":"open","ping_status":"closed","sticky":false,"template":"","format":"standard","meta":{"tdm_status":"","tdm_grid_status":"","footnotes":""},"categories":[14,33,24,1,6,25],"tags":[],"class_list":["post-10882","post","type-post","status-publish","format-standard","has-post-thumbnail","hentry","category-notas-de-prensa","category-besaya","category-partido","category-uncategorized","category-agrupaciones","category-actualidad"],"_links":{"self":[{"href":"https:\/\/www.psc-psoe.es\/index.php\/wp-json\/wp\/v2\/posts\/10882","targetHints":{"allow":["GET"]}}],"collection":[{"href":"https:\/\/www.psc-psoe.es\/index.php\/wp-json\/wp\/v2\/posts"}],"about":[{"href":"https:\/\/www.psc-psoe.es\/index.php\/wp-json\/wp\/v2\/types\/post"}],"author":[{"embeddable":true,"href":"https:\/\/www.psc-psoe.es\/index.php\/wp-json\/wp\/v2\/users\/12"}],"replies":[{"embeddable":true,"href":"https:\/\/www.psc-psoe.es\/index.php\/wp-json\/wp\/v2\/comments?post=10882"}],"version-history":[{"count":1,"href":"https:\/\/www.psc-psoe.es\/index.php\/wp-json\/wp\/v2\/posts\/10882\/revisions"}],"predecessor-version":[{"id":10883,"href":"https:\/\/www.psc-psoe.es\/index.php\/wp-json\/wp\/v2\/posts\/10882\/revisions\/10883"}],"wp:featuredmedia":[{"embeddable":true,"href":"https:\/\/www.psc-psoe.es\/index.php\/wp-json\/wp\/v2\/media\/9998"}],"wp:attachment":[{"href":"https:\/\/www.psc-psoe.es\/index.php\/wp-json\/wp\/v2\/media?parent=10882"}],"wp:term":[{"taxonomy":"category","embeddable":true,"href":"https:\/\/www.psc-psoe.es\/index.php\/wp-json\/wp\/v2\/categories?post=10882"},{"taxonomy":"post_tag","embeddable":true,"href":"https:\/\/www.psc-psoe.es\/index.php\/wp-json\/wp\/v2\/tags?post=10882"}],"curies":[{"name":"wp","href":"https:\/\/api.w.org\/{rel}","templated":true}]}}