{"id":10851,"date":"2025-08-05T19:23:10","date_gmt":"2025-08-05T18:23:10","guid":{"rendered":"https:\/\/www.psc-psoe.es\/?p=10851"},"modified":"2025-08-05T19:23:10","modified_gmt":"2025-08-05T18:23:10","slug":"el-psoe-de-santander-insta-al-pp-a-actuar-con-urgencia-ante-la-plaga-de-pulgas-en-el-parque-canino-de-la-pena-del-cuervo","status":"publish","type":"post","link":"https:\/\/www.psc-psoe.es\/index.php\/2025\/08\/05\/el-psoe-de-santander-insta-al-pp-a-actuar-con-urgencia-ante-la-plaga-de-pulgas-en-el-parque-canino-de-la-pena-del-cuervo\/","title":{"rendered":"El PSOE de Santander insta al PP a actuar con urgencia ante la plaga de pulgas en el parque canino de la Pe\u00f1a del Cuervo"},"content":{"rendered":"<p style=\"font-weight: 400; text-align: justify;\">El Grupo Municipal Socialista ha registrado un ruego al pr\u00f3ximo Pleno del Ayuntamiento de Santander para pedir al equipo de Gobierno del Partido Popular que adopte medidas urgentes de desinsectaci\u00f3n en el parque canino situado en la Pe\u00f1a del Cuervo, donde varios usuarios han denunciado la presencia de una plaga de pulgas desde hace semanas.<\/p>\n<p style=\"font-weight: 400; text-align: justify;\">El portavoz socialista, Daniel Fern\u00e1ndez, ha explicado que la situaci\u00f3n &#8220;compromete la salud de los animales y la tranquilidad de los vecinos&#8221;, y ha advertido que &#8220;estas plagas, si no se controlan a tiempo, pueden extenderse tambi\u00e9n a las personas y a las viviendas cercanas&#8221;.<\/p>\n<p style=\"font-weight: 400; text-align: justify;\">Fern\u00e1ndez ha recordado que las pulgas proliferan con facilidad en entornos h\u00famedos y con vegetaci\u00f3n densa, sobre todo en verano, y ha lamentado que el Ayuntamiento no haya actuado todav\u00eda a pesar de las quejas trasladadas por la ciudadan\u00eda. &#8220;Lo m\u00ednimo que se le puede exigir a un equipo de Gobierno es que cuide los espacios p\u00fablicos que gestiona y garantice unas condiciones higi\u00e9nicas m\u00ednimas&#8221;, ha denunciado.<\/p>\n<p style=\"font-weight: 400; text-align: justify;\">Aunque el Ayuntamiento ha ido ampliando progresivamente las zonas de esparcimiento para perros, como parte de una ciudad m\u00e1s amable con los animales de compa\u00f1\u00eda, no existe ning\u00fan plan municipal espec\u00edfico de limpieza, desinsectaci\u00f3n o mantenimiento peri\u00f3dico para garantizar su salubridad y uso seguro. \u201cNo basta con inaugurar zonas para perros. Hace falta conservarlas, limpiarlas y prevenir problemas como el que hoy denunciamos\u201d, ha reclamado Fern\u00e1ndez.<\/p>\n<p style=\"font-weight: 400; text-align: justify;\">Adem\u00e1s del tratamiento espec\u00edfico en la Pe\u00f1a del Cuervo, el PSOE propone que el Ayuntamiento ponga en marcha un plan de revisi\u00f3n y mantenimiento peri\u00f3dico de todos los parques caninos de Santander, que incluya limpiezas regulares y tratamientos preventivos frente a pulgas y otros par\u00e1sitos.<\/p>\n<p style=\"font-weight: 400; text-align: justify;\">Finalmente, Fern\u00e1ndez ha insistido en que \u201cesta situaci\u00f3n requiere responsabilidad, planificaci\u00f3n y, sobre todo, una escucha activa a lo que demandan los vecinos y vecinas. Actuar ahora ser\u00eda una forma sencilla y eficaz de cuidar nuestros espacios p\u00fablicos.\u201d<\/p>\n","protected":false},"excerpt":{"rendered":"<p>El Grupo Municipal Socialista ha registrado un ruego al pr\u00f3ximo Pleno del Ayuntamiento de Santander para pedir al equipo de Gobierno del Partido Popular que adopte medidas urgentes de desinsectaci\u00f3n en el parque canino situado en la Pe\u00f1a del Cuervo, donde varios usuarios han denunciado la presencia de una plaga de pulgas desde hace semanas. [&hellip;]<\/p>\n","protected":false},"author":12,"featured_media":10206,"comment_status":"open","ping_status":"closed","sticky":false,"template":"","format":"standard","meta":{"tdm_status":"","tdm_grid_status":"","footnotes":""},"categories":[20,16],"tags":[],"class_list":["post-10851","post","type-post","status-publish","format-standard","has-post-thumbnail","hentry","category-santander","category-noticias-santander"],"_links":{"self":[{"href":"https:\/\/www.psc-psoe.es\/index.php\/wp-json\/wp\/v2\/posts\/10851","targetHints":{"allow":["GET"]}}],"collection":[{"href":"https:\/\/www.psc-psoe.es\/index.php\/wp-json\/wp\/v2\/posts"}],"about":[{"href":"https:\/\/www.psc-psoe.es\/index.php\/wp-json\/wp\/v2\/types\/post"}],"author":[{"embeddable":true,"href":"https:\/\/www.psc-psoe.es\/index.php\/wp-json\/wp\/v2\/users\/12"}],"replies":[{"embeddable":true,"href":"https:\/\/www.psc-psoe.es\/index.php\/wp-json\/wp\/v2\/comments?post=10851"}],"version-history":[{"count":1,"href":"https:\/\/www.psc-psoe.es\/index.php\/wp-json\/wp\/v2\/posts\/10851\/revisions"}],"predecessor-version":[{"id":10852,"href":"https:\/\/www.psc-psoe.es\/index.php\/wp-json\/wp\/v2\/posts\/10851\/revisions\/10852"}],"wp:featuredmedia":[{"embeddable":true,"href":"https:\/\/www.psc-psoe.es\/index.php\/wp-json\/wp\/v2\/media\/10206"}],"wp:attachment":[{"href":"https:\/\/www.psc-psoe.es\/index.php\/wp-json\/wp\/v2\/media?parent=10851"}],"wp:term":[{"taxonomy":"category","embeddable":true,"href":"https:\/\/www.psc-psoe.es\/index.php\/wp-json\/wp\/v2\/categories?post=10851"},{"taxonomy":"post_tag","embeddable":true,"href":"https:\/\/www.psc-psoe.es\/index.php\/wp-json\/wp\/v2\/tags?post=10851"}],"curies":[{"name":"wp","href":"https:\/\/api.w.org\/{rel}","templated":true}]}}