{"id":10835,"date":"2025-08-05T11:38:32","date_gmt":"2025-08-05T10:38:32","guid":{"rendered":"https:\/\/www.psc-psoe.es\/?p=10835"},"modified":"2025-08-05T12:29:24","modified_gmt":"2025-08-05T11:29:24","slug":"el-psoe-valora-como-ambicioso-y-pegado-a-la-realidad-el-discurso-de-pedro-casares-como-delegado-del-gobierno","status":"publish","type":"post","link":"https:\/\/www.psc-psoe.es\/index.php\/2025\/08\/05\/el-psoe-valora-como-ambicioso-y-pegado-a-la-realidad-el-discurso-de-pedro-casares-como-delegado-del-gobierno\/","title":{"rendered":"El PSOE valora como \u201cambicioso y pegado a la realidad\u201d el discurso de Pedro Casares como delegado del Gobierno"},"content":{"rendered":"<p style=\"font-weight: 400;\">La portavoz de la Comisi\u00f3n Ejecutiva Auton\u00f3mica del PSOE de Cantabria, Ainoa Qui\u00f1ones, ha valorado como \u201cambicioso y pegado a la realidad\u201d el discurso del secretario general de los socialistas c\u00e1ntabros, Pedro Casares, como delegado del Gobierno.<\/p>\n<p style=\"font-weight: 400;\">Qui\u00f1ones, tras participar en la toma de posesi\u00f3n de Casares como nuevo delegado del Gobierno en Cantabria en un acto presidido por el ministro de Econom\u00eda, Comercio y Empresas, Carlos Cuerpo, ha dicho que \u201ctodo el PSOE compartimos con \u00e9l la urgencia de resolver el problema de la vivienda\u201d.<\/p>\n<p style=\"font-weight: 400;\">\u201cHay muchos j\u00f3venes en Cantabria que no tienen la oportunidad de crear un hogar donde desarrollar un proyecto de vida porque falta vivienda p\u00fablica a precio asequible\u201d, ha se\u00f1alado.<\/p>\n<p style=\"font-weight: 400;\">Para Qui\u00f1ones, \u201cla mano tendida del delegado del Gobierno a la presidenta Buruaga y al Gobierno de Cantabria para trabajar conjuntamente en la propuesta de triplicar la inversi\u00f3n en vivienda p\u00fablica es una propuesta sincera y coherente\u201d.<\/p>\n<p style=\"font-weight: 400;\">\u201cEl reto de dar soluci\u00f3n al problema de la vivienda debe ser la prioridad de la agenda pol\u00edtica de Cantabria y en la que todas las fuerzas pol\u00edticas e instituciones rememos a favor\u201d, ha enfatizado la portavoz de los socialistas c\u00e1ntabros.<\/p>\n<p style=\"font-weight: 400;\">En este sentido, Qui\u00f1ones ha destacado que el discurso del nuevo delegado del Gobierno \u201crefleja que conoce la realidad de Cantabria, sus problemas y necesidades y se ha puesto deberes desde el primer d\u00eda para trabajar para darles respuesta abriendo la Delegaci\u00f3n del Gobierno a la escucha activa\u201d.<\/p>\n<p style=\"font-weight: 400;\">\u201cEl di\u00e1logo, el acuerdo y el entendimiento est\u00e1n garantizados con Casares, un pol\u00edtico de consensos\u201d, ha dicho.<\/p>\n<p style=\"font-weight: 400;\">Finamente, Ainoa Qui\u00f1ones ha se\u00f1alado que \u201cal ver inversi\u00f3n por inversi\u00f3n\u201d, en el discurso de Casares, \u201ctodo lo que est\u00e1 haciendo el Gobierno de Pedro S\u00e1nchez en Cantabria se demuestra que es un gobierno comprometido con nuestra tierra y que cumple\u201d.<\/p>\n<p><span style=\"font-weight: 400;\">\u201cNing\u00fan gobierno hab\u00eda hecho tanto por Cantabria como el Gobierno de Pedro S\u00e1nchez y ahora tendr\u00e1 en Pedro Casares la mejor voz para defender cada pol\u00edtica y cada inversi\u00f3n que se haga en esta comunidad aut\u00f3noma\u201d, ha concluido.<\/span><\/p>\n<div class=\"epyt-video-wrapper\"><iframe loading=\"lazy\"  id=\"_ytid_72894\"  width=\"696\" height=\"392\"  data-origwidth=\"696\" data-origheight=\"392\" src=\"https:\/\/www.youtube.com\/embed\/QPo6WiNwHU0?enablejsapi=1&autoplay=0&cc_load_policy=0&cc_lang_pref=&iv_load_policy=1&loop=0&rel=0&fs=1&playsinline=0&autohide=2&theme=dark&color=red&controls=1&\" class=\"__youtube_prefs__  no-lazyload\" title=\"YouTube player\"  allow=\"fullscreen; accelerometer; autoplay; clipboard-write; encrypted-media; gyroscope; picture-in-picture\" allowfullscreen data-no-lazy=\"1\" data-skipgform_ajax_framebjll=\"\"><\/iframe><\/div>\n<div class=\"epyt-video-wrapper\"><iframe loading=\"lazy\"  id=\"_ytid_77530\"  width=\"696\" height=\"392\"  data-origwidth=\"696\" data-origheight=\"392\" src=\"https:\/\/www.youtube.com\/embed\/IAHwXTCAhJw?enablejsapi=1&autoplay=0&cc_load_policy=0&cc_lang_pref=&iv_load_policy=1&loop=0&rel=0&fs=1&playsinline=0&autohide=2&theme=dark&color=red&controls=1&\" class=\"__youtube_prefs__  no-lazyload\" title=\"YouTube player\"  allow=\"fullscreen; accelerometer; autoplay; clipboard-write; encrypted-media; gyroscope; picture-in-picture\" allowfullscreen data-no-lazy=\"1\" data-skipgform_ajax_framebjll=\"\"><\/iframe><\/div>\n","protected":false},"excerpt":{"rendered":"<p>La portavoz de la Comisi\u00f3n Ejecutiva Auton\u00f3mica del PSOE de Cantabria, Ainoa Qui\u00f1ones, ha valorado como \u201cambicioso y pegado a la realidad\u201d el discurso del secretario general de los socialistas c\u00e1ntabros, Pedro Casares, como delegado del Gobierno. Qui\u00f1ones, tras participar en la toma de posesi\u00f3n de Casares como nuevo delegado del Gobierno en Cantabria en [&hellip;]<\/p>\n","protected":false},"author":12,"featured_media":10817,"comment_status":"open","ping_status":"closed","sticky":false,"template":"","format":"standard","meta":{"tdm_status":"","tdm_grid_status":"","footnotes":""},"categories":[14,24,420,1,25],"tags":[],"class_list":["post-10835","post","type-post","status-publish","format-standard","has-post-thumbnail","hentry","category-notas-de-prensa","category-partido","category-pedro-casares","category-uncategorized","category-actualidad"],"_links":{"self":[{"href":"https:\/\/www.psc-psoe.es\/index.php\/wp-json\/wp\/v2\/posts\/10835","targetHints":{"allow":["GET"]}}],"collection":[{"href":"https:\/\/www.psc-psoe.es\/index.php\/wp-json\/wp\/v2\/posts"}],"about":[{"href":"https:\/\/www.psc-psoe.es\/index.php\/wp-json\/wp\/v2\/types\/post"}],"author":[{"embeddable":true,"href":"https:\/\/www.psc-psoe.es\/index.php\/wp-json\/wp\/v2\/users\/12"}],"replies":[{"embeddable":true,"href":"https:\/\/www.psc-psoe.es\/index.php\/wp-json\/wp\/v2\/comments?post=10835"}],"version-history":[{"count":5,"href":"https:\/\/www.psc-psoe.es\/index.php\/wp-json\/wp\/v2\/posts\/10835\/revisions"}],"predecessor-version":[{"id":10838,"href":"https:\/\/www.psc-psoe.es\/index.php\/wp-json\/wp\/v2\/posts\/10835\/revisions\/10838"}],"wp:featuredmedia":[{"embeddable":true,"href":"https:\/\/www.psc-psoe.es\/index.php\/wp-json\/wp\/v2\/media\/10817"}],"wp:attachment":[{"href":"https:\/\/www.psc-psoe.es\/index.php\/wp-json\/wp\/v2\/media?parent=10835"}],"wp:term":[{"taxonomy":"category","embeddable":true,"href":"https:\/\/www.psc-psoe.es\/index.php\/wp-json\/wp\/v2\/categories?post=10835"},{"taxonomy":"post_tag","embeddable":true,"href":"https:\/\/www.psc-psoe.es\/index.php\/wp-json\/wp\/v2\/tags?post=10835"}],"curies":[{"name":"wp","href":"https:\/\/api.w.org\/{rel}","templated":true}]}}