{"id":10829,"date":"2025-08-02T11:00:53","date_gmt":"2025-08-02T10:00:53","guid":{"rendered":"https:\/\/www.psc-psoe.es\/?p=10829"},"modified":"2025-08-02T14:39:26","modified_gmt":"2025-08-02T13:39:26","slug":"el-psoe-pp-y-prc-llevan-decadas-gestionando-los-espacios-naturales-protegidos-como-el-puntal-sin-aplicar-medidas-que-eviten-el-botellon","status":"publish","type":"post","link":"https:\/\/www.psc-psoe.es\/index.php\/2025\/08\/02\/el-psoe-pp-y-prc-llevan-decadas-gestionando-los-espacios-naturales-protegidos-como-el-puntal-sin-aplicar-medidas-que-eviten-el-botellon\/","title":{"rendered":"El PSOE: PP y PRC llevan d\u00e9cadas gestionando los espacios naturales protegidos como El Puntal \u201csin aplicar medidas que eviten el botell\u00f3n\u201d"},"content":{"rendered":"<p style=\"text-align: justify;\">El PSOE de Cantabria va a registrar una proposici\u00f3n no de ley \u201cpara exigir que se cumpla la ley y se gestionen de una vez por todas los espacios protegidos\u201d.<\/p>\n<p style=\"text-align: justify;\">As\u00ed lo ha expresado la portavoz de la Comisi\u00f3n Ejecutiva Auton\u00f3mica del PSOE de Cantabria, Ainoa Qui\u00f1ones, que ha recordado que el Partido Popular y el Partido Regionalista de Cantabria llevan d\u00e9cadas ostentando las competencias de gesti\u00f3n de los espacios naturales protegidos \u201csin ning\u00fan tipo de prevenci\u00f3n ni previsi\u00f3n sobre este tipo de aglomeraciones que sufrimos en El Puntal\u201d.<\/p>\n<p style=\"text-align: justify;\">\u201cLa imagen de esa marabunta de personas en una playa \u00fanica y un espacio natural protegido que forma parte de la red Natura 2000 deber\u00eda abochornarnos a todos y hemos visto a Buruaga y al PP decir barbaridades como que criticar esa aglomeraci\u00f3n es ir en contra del turismo o que exageramos calific\u00e1ndolo como el Magalluf del norte\u201d, ha condenado.<\/p>\n<p style=\"text-align: justify;\">Para Qui\u00f1ones, \u201cel turismo claro que es un sector econ\u00f3mico estrat\u00e9gico de Cantabria pero debemos aprender de los errores que otros cometieron antes y han convertido algunas zonas de Espa\u00f1a en lugares invivibles para sus vecinos y en espacios deteriorados natural y paisaj\u00edsticamente\u201d.<\/p>\n<p style=\"text-align: justify;\">\u201cNo queremos ese tipo de turismo, debemos apostar por un modelo que garantice su rendimiento econ\u00f3mico pero acompa\u00f1ado de sostenibilidad mediambiental y protecci\u00f3n de nuestros espacios naturales que son los que hacen de Cantabria una tierra especial, diferente y extraordinariamente bella\u201d, ha dicho.<\/p>\n<p style=\"text-align: justify;\">En este sentido, Qui\u00f1ones ha se\u00f1alado que el botell\u00f3n \u201cse podr\u00eda haber evitado si ambos hubiesen hecho los deberes aplicando la ley y el plan marco de gesti\u00f3n sobre las dunas del Puntal\u201d.<\/p>\n<p style=\"text-align: justify;\">\u201cEstas competencias corresponden al Gobierno de Cantabria, en concreto a la Direcci\u00f3n General de Montes y Biodiversidad, que durante las \u00faltimas legislaturas ha estado siempre bajo la responsabilidad de estos dos partidos, del PRC antes y actualmente del PP, as\u00ed que lo que deber\u00edan hacer es dejar de echar balones fuera\u201d, ha dicho.<\/p>\n<p style=\"text-align: justify;\">Finalmente, Ainoa Qui\u00f1ones ha lamentado que \u201cesa falta de gesti\u00f3n va m\u00e1s all\u00e1 del Puntal porque se extiende a todos los espacios protegidos de Cantabria\u201d. \u201cEsto sumado al modelo tur\u00edstico del PP basado en la masificaci\u00f3n, pone en riesgo nuestro patr\u00f3n m\u00e1s identitario, la naturaleza\u201d, ha aseverado.<\/p>\n<p style=\"text-align: justify;\">\u201cSu inacci\u00f3n, su mirar para otra parte, su todo vale mientras lleguen turistas va a destrozar Cantabria\u201d, ha condenado Qui\u00f1ones.<\/p>\n<p style=\"text-align: justify;\">Otros espacios naturales donde se puede comprobar esta falta de gesti\u00f3n, ha recordado la portavoz socialista, son el bosque de Secuoyas en Cabez\u00f3n de la Sal o el parque natural de Oyambre. \u201cEn estos enclaves se pone de manifiesto el incumplimiento de nuestra propia ley\u201d ha declarado la portavoz de los socialistas c\u00e1ntabros.<\/p>\n<p style=\"text-align: justify;\">\u201cDesde el PSOE, pedimos que se haga un estudio para conocer la capacidad de carga de todos los espacios protegidos para poder determinar el n\u00famero de visitantes que pueden acceder sin comprometer ni a los espacios naturales ni a la poblaci\u00f3n local\u201d, ha concluido.<\/p>\n","protected":false},"excerpt":{"rendered":"<p>El PSOE de Cantabria va a registrar una proposici\u00f3n no de ley \u201cpara exigir que se cumpla la ley y se gestionen de una vez por todas los espacios protegidos\u201d. As\u00ed lo ha expresado la portavoz de la Comisi\u00f3n Ejecutiva Auton\u00f3mica del PSOE de Cantabria, Ainoa Qui\u00f1ones, que ha recordado que el Partido Popular y [&hellip;]<\/p>\n","protected":false},"author":12,"featured_media":10494,"comment_status":"open","ping_status":"closed","sticky":false,"template":"","format":"standard","meta":{"tdm_status":"","tdm_grid_status":"","footnotes":""},"categories":[14,24,1,25],"tags":[],"class_list":["post-10829","post","type-post","status-publish","format-standard","has-post-thumbnail","hentry","category-notas-de-prensa","category-partido","category-uncategorized","category-actualidad"],"_links":{"self":[{"href":"https:\/\/www.psc-psoe.es\/index.php\/wp-json\/wp\/v2\/posts\/10829","targetHints":{"allow":["GET"]}}],"collection":[{"href":"https:\/\/www.psc-psoe.es\/index.php\/wp-json\/wp\/v2\/posts"}],"about":[{"href":"https:\/\/www.psc-psoe.es\/index.php\/wp-json\/wp\/v2\/types\/post"}],"author":[{"embeddable":true,"href":"https:\/\/www.psc-psoe.es\/index.php\/wp-json\/wp\/v2\/users\/12"}],"replies":[{"embeddable":true,"href":"https:\/\/www.psc-psoe.es\/index.php\/wp-json\/wp\/v2\/comments?post=10829"}],"version-history":[{"count":2,"href":"https:\/\/www.psc-psoe.es\/index.php\/wp-json\/wp\/v2\/posts\/10829\/revisions"}],"predecessor-version":[{"id":10833,"href":"https:\/\/www.psc-psoe.es\/index.php\/wp-json\/wp\/v2\/posts\/10829\/revisions\/10833"}],"wp:featuredmedia":[{"embeddable":true,"href":"https:\/\/www.psc-psoe.es\/index.php\/wp-json\/wp\/v2\/media\/10494"}],"wp:attachment":[{"href":"https:\/\/www.psc-psoe.es\/index.php\/wp-json\/wp\/v2\/media?parent=10829"}],"wp:term":[{"taxonomy":"category","embeddable":true,"href":"https:\/\/www.psc-psoe.es\/index.php\/wp-json\/wp\/v2\/categories?post=10829"},{"taxonomy":"post_tag","embeddable":true,"href":"https:\/\/www.psc-psoe.es\/index.php\/wp-json\/wp\/v2\/tags?post=10829"}],"curies":[{"name":"wp","href":"https:\/\/api.w.org\/{rel}","templated":true}]}}