{"id":10824,"date":"2025-07-31T19:07:48","date_gmt":"2025-07-31T18:07:48","guid":{"rendered":"https:\/\/www.psc-psoe.es\/?p=10824"},"modified":"2025-07-31T19:09:04","modified_gmt":"2025-07-31T18:09:04","slug":"el-psoe-de-polanco-denuncia-el-sobrecoste-del-65-del-edificio-de-la-tercera-edad-fruto-de-la-continua-improvisacion-del-prc","status":"publish","type":"post","link":"https:\/\/www.psc-psoe.es\/index.php\/2025\/07\/31\/el-psoe-de-polanco-denuncia-el-sobrecoste-del-65-del-edificio-de-la-tercera-edad-fruto-de-la-continua-improvisacion-del-prc\/","title":{"rendered":"El PSOE de Polanco denuncia el sobrecoste del 65% del edificio de la tercera edad, \u201cfruto de la continua improvisaci\u00f3n\u201d del PRC"},"content":{"rendered":"<p>El PSOE de Polanco ha denunciado el nuevo sobrecoste del edificio de la tercera edad, que asciende al 65% del presupuesto inicial.<\/p>\n<p>\u201cEs fruto de la improvisaci\u00f3n permanente y la falta de proyecto pol\u00edtico que tiene el PRC para Polanco\u201d, ha lamentado el secretario general de los socialistas en el municipio, Rub\u00e9n Garc\u00eda.<\/p>\n<p>Garc\u00eda ha criticado tras el Pleno Municipal que \u201cla mala planificaci\u00f3n\u201d de la alcaldesa, \u201cque no tienen proyecto para el municipio\u201d. \u201cLas modificaciones presupuestarias son una constante en el ayuntamiento, para nuevos proyectos y servicios que no contemplaban en los presupuestos, demostrando su incapacidad para gobernar\u201d.<\/p>\n<p>Para el secretario general de los socialistas polanquinos, la alcaldesa \u201ccon tal de sacar adelante su proyecto personalista millonario del gran parque p\u00fablico del Prado Infante, que vaciar\u00e1 las arcas municipales\u201d.<\/p>\n<p>Garc\u00eda ha detallado que va a suponer \u201cuna millonada para los vecinos y va a dejar bastante comprometidas las arcas municipales\u201d.<\/p>\n<p>Esto se contrapone al proyecto socialista, \u201cintegrador a nivel urban\u00edstico y social\u201d, como lo demuestra la apuesta por la adquisici\u00f3n de la Casa Natal de Jos\u00e9 Mar\u00eda Pereda y su finca y la construcci\u00f3n de la plaza junto al Ayuntamiento, ha dicho el secretario general del PSOE de Polanco, que considera \u201cque adem\u00e1s este proyecto nos permitir\u00eda recuperar un edificio de enorme valor sentimental, hist\u00f3rico y patrimonial para los polanquinos\u201d.<\/p>\n<p>Por \u00faltimo, Rub\u00e9n Garc\u00eda ha lamentado \u201cuna forma de gobernar Polanco de espaldas a las necesidades y problemas de los polanquinos y las polanquinas, que demuestra que el PRC no tiene proyecto municipal y que gobierna a golpe de improvisaciones\u201d.<\/p>\n","protected":false},"excerpt":{"rendered":"<p>El PSOE de Polanco ha denunciado el nuevo sobrecoste del edificio de la tercera edad, que asciende al 65% del presupuesto inicial. \u201cEs fruto de la improvisaci\u00f3n permanente y la falta de proyecto pol\u00edtico que tiene el PRC para Polanco\u201d, ha lamentado el secretario general de los socialistas en el municipio, Rub\u00e9n Garc\u00eda. Garc\u00eda ha [&hellip;]<\/p>\n","protected":false},"author":12,"featured_media":10826,"comment_status":"open","ping_status":"closed","sticky":false,"template":"","format":"standard","meta":{"tdm_status":"","tdm_grid_status":"","footnotes":""},"categories":[33,1,6],"tags":[],"class_list":["post-10824","post","type-post","status-publish","format-standard","has-post-thumbnail","hentry","category-besaya","category-uncategorized","category-agrupaciones"],"_links":{"self":[{"href":"https:\/\/www.psc-psoe.es\/index.php\/wp-json\/wp\/v2\/posts\/10824","targetHints":{"allow":["GET"]}}],"collection":[{"href":"https:\/\/www.psc-psoe.es\/index.php\/wp-json\/wp\/v2\/posts"}],"about":[{"href":"https:\/\/www.psc-psoe.es\/index.php\/wp-json\/wp\/v2\/types\/post"}],"author":[{"embeddable":true,"href":"https:\/\/www.psc-psoe.es\/index.php\/wp-json\/wp\/v2\/users\/12"}],"replies":[{"embeddable":true,"href":"https:\/\/www.psc-psoe.es\/index.php\/wp-json\/wp\/v2\/comments?post=10824"}],"version-history":[{"count":1,"href":"https:\/\/www.psc-psoe.es\/index.php\/wp-json\/wp\/v2\/posts\/10824\/revisions"}],"predecessor-version":[{"id":10825,"href":"https:\/\/www.psc-psoe.es\/index.php\/wp-json\/wp\/v2\/posts\/10824\/revisions\/10825"}],"wp:featuredmedia":[{"embeddable":true,"href":"https:\/\/www.psc-psoe.es\/index.php\/wp-json\/wp\/v2\/media\/10826"}],"wp:attachment":[{"href":"https:\/\/www.psc-psoe.es\/index.php\/wp-json\/wp\/v2\/media?parent=10824"}],"wp:term":[{"taxonomy":"category","embeddable":true,"href":"https:\/\/www.psc-psoe.es\/index.php\/wp-json\/wp\/v2\/categories?post=10824"},{"taxonomy":"post_tag","embeddable":true,"href":"https:\/\/www.psc-psoe.es\/index.php\/wp-json\/wp\/v2\/tags?post=10824"}],"curies":[{"name":"wp","href":"https:\/\/api.w.org\/{rel}","templated":true}]}}