{"id":10816,"date":"2025-07-29T15:47:09","date_gmt":"2025-07-29T14:47:09","guid":{"rendered":"https:\/\/www.psc-psoe.es\/?p=10816"},"modified":"2025-07-29T12:50:30","modified_gmt":"2025-07-29T11:50:30","slug":"el-psoe-valora-el-nombramiento-de-pedro-casares-como-delegado-del-gobierno-la-mejor-voz-para-defender-las-mejores-politicas","status":"publish","type":"post","link":"https:\/\/www.psc-psoe.es\/index.php\/2025\/07\/29\/el-psoe-valora-el-nombramiento-de-pedro-casares-como-delegado-del-gobierno-la-mejor-voz-para-defender-las-mejores-politicas\/","title":{"rendered":"El PSOE valora el nombramiento de Pedro Casares como delegado del Gobierno: \u201cla mejor voz para defender las mejores pol\u00edticas\u201d"},"content":{"rendered":"<p style=\"text-align: justify;\">La portavoz de la Comisi\u00f3n Ejecutiva Auton\u00f3mica del PSOE de Cantabria, Ainoa Qui\u00f1ones, ha valorado el nombramiento del secretario general, Pedro Casares, como delegado del Gobierno en Cantabria: \u201cla mejor voz para defender las mejores pol\u00edticas\u201d.<\/p>\n<p style=\"text-align: justify;\">Qui\u00f1ones ha se\u00f1alado que \u201cen tiempos de incertidumbre, en los que algunos quieren que el ruido y los bulos se impongan a la realidad de los datos son necesarias voces rigurosas que defienda la acci\u00f3n del Gobierno que contribuyen a que Espa\u00f1a y Cantabria atraviesen uno de los mejores momentos de su historia\u201d.<\/p>\n<p style=\"text-align: justify;\">Por ello, la portavoz de los socialistas c\u00e1ntabros ha expresado que \u201ces necesario que una voz fuerte, cre\u00edble y reconocible explique todo lo mucho y bueno que el Gobierno de Pedro S\u00e1nchez est\u00e1 haciendo en Cantabria\u201d.<\/p>\n<p style=\"text-align: justify;\">\u201cHe sido delegada del Gobierno en Cantabria y estoy convencida de que Pedro Casares va a ejercer esta responsabilidad con la solvencia y responsabilidad necesarias\u201d, ha expresado.<\/p>\n<p style=\"text-align: justify;\">Para Qui\u00f1ones, \u201cCantabria gana con un delegado del Gobierno que va a hacer prevalecer los datos y las cifras por encima del relato catastrofista y partidista del PP, con el que quieren tapar la realidad\u201d.<\/p>\n<p style=\"text-align: justify;\">\u201cEs un d\u00eda importante para el PSOE de Cantabria y la militancia porque todos sentimos orgullo y respeto por nuestro secretario general\u201d, ha remarcado.<\/p>\n<p style=\"text-align: justify;\">En este sentido, la portavoz de los socialistas c\u00e1ntabros ha afirmado que \u201ctenemos el Gobierno de Espa\u00f1a con el que por primera avanzan y se cumplen todos los compromisos en materia de infraestructuras de la historia democr\u00e1tica\u201d.<\/p>\n<p style=\"text-align: justify;\">\u201cEn 50 a\u00f1os de democracia nunca se hab\u00edan comprometido tantas inversiones en Cantabria, que van a modernizar y transformar nuestra comunidad aut\u00f3noma\u201d, ha se\u00f1alado Qui\u00f1ones, que ha enumerado entre otras la llegada de la Alta Velocidad, con una inversi\u00f3n de 1.700 millones, o el plan para la modernizaci\u00f3n de la red ferroviaria de Cercan\u00edas, con 1.500 millones previstos, \u201ccon los que no vamos a reconocer a Cantabria dentro de unos a\u00f1os\u201d.<\/p>\n<p style=\"text-align: justify;\">De esta forma, Qui\u00f1ones ha recordado que \u201cen estos momentos se ejecutan al a\u00f1o 149 millones de euros, el triple que hace siete a\u00f1os cuando gobernaba Rajoy y hay movilizados m\u00e1s de 7.000 millones de euros en inversiones en materia de infraestructuras\u201d.<\/p>\n<p style=\"text-align: justify;\">Finalmente, Ainoa Qui\u00f1ones tambi\u00e9n ha destacado que con el actual Gobierno de Espa\u00f1a tambi\u00e9n avanzan \u201ccomo nunca\u201d los derechos de los c\u00e1ntabros. \u201cHoy tenemos la cifra de personas trabajando m\u00e1s alta de la serie hist\u00f3rica en Cantabria, el paro m\u00e1s bajo en 17 a\u00f1os y tambi\u00e9n pensiones m\u00e1s dignas y mejores salarios\u201d, ha concluido.<\/p>\n","protected":false},"excerpt":{"rendered":"<p>La portavoz de la Comisi\u00f3n Ejecutiva Auton\u00f3mica del PSOE de Cantabria, Ainoa Qui\u00f1ones, ha valorado el nombramiento del secretario general, Pedro Casares, como delegado del Gobierno en Cantabria: \u201cla mejor voz para defender las mejores pol\u00edticas\u201d. Qui\u00f1ones ha se\u00f1alado que \u201cen tiempos de incertidumbre, en los que algunos quieren que el ruido y los bulos [&hellip;]<\/p>\n","protected":false},"author":12,"featured_media":10817,"comment_status":"open","ping_status":"closed","sticky":false,"template":"","format":"standard","meta":{"tdm_status":"","tdm_grid_status":"","footnotes":""},"categories":[14,24,25],"tags":[],"class_list":["post-10816","post","type-post","status-publish","format-standard","has-post-thumbnail","hentry","category-notas-de-prensa","category-partido","category-actualidad"],"_links":{"self":[{"href":"https:\/\/www.psc-psoe.es\/index.php\/wp-json\/wp\/v2\/posts\/10816","targetHints":{"allow":["GET"]}}],"collection":[{"href":"https:\/\/www.psc-psoe.es\/index.php\/wp-json\/wp\/v2\/posts"}],"about":[{"href":"https:\/\/www.psc-psoe.es\/index.php\/wp-json\/wp\/v2\/types\/post"}],"author":[{"embeddable":true,"href":"https:\/\/www.psc-psoe.es\/index.php\/wp-json\/wp\/v2\/users\/12"}],"replies":[{"embeddable":true,"href":"https:\/\/www.psc-psoe.es\/index.php\/wp-json\/wp\/v2\/comments?post=10816"}],"version-history":[{"count":1,"href":"https:\/\/www.psc-psoe.es\/index.php\/wp-json\/wp\/v2\/posts\/10816\/revisions"}],"predecessor-version":[{"id":10818,"href":"https:\/\/www.psc-psoe.es\/index.php\/wp-json\/wp\/v2\/posts\/10816\/revisions\/10818"}],"wp:featuredmedia":[{"embeddable":true,"href":"https:\/\/www.psc-psoe.es\/index.php\/wp-json\/wp\/v2\/media\/10817"}],"wp:attachment":[{"href":"https:\/\/www.psc-psoe.es\/index.php\/wp-json\/wp\/v2\/media?parent=10816"}],"wp:term":[{"taxonomy":"category","embeddable":true,"href":"https:\/\/www.psc-psoe.es\/index.php\/wp-json\/wp\/v2\/categories?post=10816"},{"taxonomy":"post_tag","embeddable":true,"href":"https:\/\/www.psc-psoe.es\/index.php\/wp-json\/wp\/v2\/tags?post=10816"}],"curies":[{"name":"wp","href":"https:\/\/api.w.org\/{rel}","templated":true}]}}