{"id":1080,"date":"2017-11-22T19:59:52","date_gmt":"2017-11-22T18:59:52","guid":{"rendered":"http:\/\/psc-psoe.es\/?p=1080"},"modified":"2019-02-19T13:33:12","modified_gmt":"2019-02-19T12:33:12","slug":"la-nueva-ejecutiva-del-psoe-santander-se-marca-como-objetivo-el-empleo-las-politicas-sociales-y-los-barrios","status":"publish","type":"post","link":"https:\/\/www.psc-psoe.es\/index.php\/2017\/11\/22\/la-nueva-ejecutiva-del-psoe-santander-se-marca-como-objetivo-el-empleo-las-politicas-sociales-y-los-barrios\/","title":{"rendered":"La nueva Ejecutiva del PSOE Santander se marca como objetivo el empleo, las pol\u00edticas sociales y los barrios"},"content":{"rendered":"<p>La nueva Comisi\u00f3n Ejecutiva Municipal del PSOE de Santander, tras las elecciones primarias celebradas el pasado s\u00e1bado 18 de noviembre, se ha constituido hoy, celebr\u00e1ndose su primera reuni\u00f3n.<\/p>\n<p>El secretario general del PSOE de Santander, Pedro Casares, asegura que esta nueva etapa estar\u00e1 marcada por el trabajo \u201cen equipo\u201d para fortalecer el proyecto del PSOE en la ciudad, \u201cque debe lograr el apoyo de la mayor\u00eda social\u201d para que en 2019 \u201cse produzca el cambio hist\u00f3rico de que se gobierne Santander desde una perspectiva progresista\u201d.<\/p>\n<p>&#8220;Empezamos una nueva etapa, un nuevo tiempo, reforzados, con mucho entusiasmo y con mucha ilusi\u00f3n, y tenemos que seguir renovando el proyecto pol\u00edtico del PSOE&#8221; ha explicado Casares.<\/p>\n<p><strong>Centrarse en los barrios de la ciudad<\/strong><\/p>\n<p>Los socialistas santanderinos van a desarrollar una pol\u00edtica \u201cde puertas abiertas\u201d para que la ciudadan\u00eda vea en el PSOE \u201cun aliado\u201d para resolver sus problemas, y \u201cun interlocutor necesario\u201d para llevar a cabo sus ideas y propuestas para mejorar la ciudad.<\/p>\n<p>\u201cQueremos continuar con la tarea que ven\u00edamos desarrollando para que los santanderinos vean en el PSOE un canal permanente de comunicaci\u00f3n\u201d, y para ello, la nueva Comisi\u00f3n Ejecutiva Municipal tiene cuatro a\u00e9reas especificas para gestionar los barrios.<\/p>\n<p>Asimismo, quieren centrar la estrategia pol\u00edtica en desarrollar un proyecto de ciudad sostenible medioambiental y urban\u00edsticamente, que apueste por mejorar Santander \u201cdesde una visi\u00f3n del siglo XXI priorizando el bienestar de los santanderinos\u201d. Para ello, trabajar\u00e1n en dos grandes retos, dar una respuesta a los problemas sociales de la ciudad, y generar un modelo de actividad econ\u00f3mica que genere empleos estables, buscando formulas para dinamizar la actividad econ\u00f3mica y comercial de la ciudad.<\/p>\n<p><strong>Casares continuar\u00e1 como portavoz<\/strong><\/p>\n<p>La Comisi\u00f3n Ejecutiva Municipal ha ratificado en la primera reuni\u00f3n que Pedro Casares contiene como portavoz del Grupo Municipal Socialista en el Ayuntamiento de Santander. Esta decisi\u00f3n le correspond\u00eda tomarla en su primera reuni\u00f3n para que fuese trasladada al Grupo Municipal, \u201cy ha sido aprobada por unanimidad\u201d.<\/p>\n<p>El l\u00edder de los socialistas santanderinos ha agradecido la confianza de su equipo para \u201cseguir poniendo voz\u201d al PSOE en la instituci\u00f3n municipal \u201cy poder continuar as\u00ed denunciando la err\u00f3nea pol\u00edtica que est\u00e1 llevando a cabo el Partido Popular que solo est\u00e1 generando desigualdad y problemas a los vecinos\u201d.<\/p>\n<p>\u201cEl metro-tus, la peatonalizaci\u00f3n de Cervantes, la iluminaci\u00f3n del centro de la ciudad o el desconocimiento del alcance del PGOU son solo algunos de los muchos problemas que el equipo de gobierno est\u00e1 generando y que necesitan que alcemos la voz para defender a los vecinos\u201d ha concluido el l\u00edder socialista. <\/p>\n","protected":false},"excerpt":{"rendered":"<p>La nueva Comisi\u00f3n Ejecutiva Municipal del PSOE de Santander, tras las elecciones primarias celebradas el pasado s\u00e1bado 18 de noviembre, se ha constituido hoy, celebr\u00e1ndose su primera reuni\u00f3n. El secretario general del PSOE de Santander, Pedro Casares, asegura que esta nueva etapa estar\u00e1 marcada por el trabajo \u201cen equipo\u201d para fortalecer el proyecto del PSOE [&hellip;]<\/p>\n","protected":false},"author":2,"featured_media":1081,"comment_status":"open","ping_status":"open","sticky":false,"template":"","format":"standard","meta":{"tdm_status":"","tdm_grid_status":"","footnotes":""},"categories":[20,16],"tags":[],"class_list":["post-1080","post","type-post","status-publish","format-standard","has-post-thumbnail","hentry","category-santander","category-noticias-santander"],"_links":{"self":[{"href":"https:\/\/www.psc-psoe.es\/index.php\/wp-json\/wp\/v2\/posts\/1080","targetHints":{"allow":["GET"]}}],"collection":[{"href":"https:\/\/www.psc-psoe.es\/index.php\/wp-json\/wp\/v2\/posts"}],"about":[{"href":"https:\/\/www.psc-psoe.es\/index.php\/wp-json\/wp\/v2\/types\/post"}],"author":[{"embeddable":true,"href":"https:\/\/www.psc-psoe.es\/index.php\/wp-json\/wp\/v2\/users\/2"}],"replies":[{"embeddable":true,"href":"https:\/\/www.psc-psoe.es\/index.php\/wp-json\/wp\/v2\/comments?post=1080"}],"version-history":[{"count":0,"href":"https:\/\/www.psc-psoe.es\/index.php\/wp-json\/wp\/v2\/posts\/1080\/revisions"}],"wp:featuredmedia":[{"embeddable":true,"href":"https:\/\/www.psc-psoe.es\/index.php\/wp-json\/wp\/v2\/media\/1081"}],"wp:attachment":[{"href":"https:\/\/www.psc-psoe.es\/index.php\/wp-json\/wp\/v2\/media?parent=1080"}],"wp:term":[{"taxonomy":"category","embeddable":true,"href":"https:\/\/www.psc-psoe.es\/index.php\/wp-json\/wp\/v2\/categories?post=1080"},{"taxonomy":"post_tag","embeddable":true,"href":"https:\/\/www.psc-psoe.es\/index.php\/wp-json\/wp\/v2\/tags?post=1080"}],"curies":[{"name":"wp","href":"https:\/\/api.w.org\/{rel}","templated":true}]}}