{"id":10792,"date":"2025-07-24T13:36:55","date_gmt":"2025-07-24T12:36:55","guid":{"rendered":"https:\/\/www.psc-psoe.es\/?p=10792"},"modified":"2025-07-24T13:36:55","modified_gmt":"2025-07-24T12:36:55","slug":"el-psoe-aprueba-una-declaracion-de-emergencia-climatica-con-13-propuestas-concretas-y-urgentes","status":"publish","type":"post","link":"https:\/\/www.psc-psoe.es\/index.php\/2025\/07\/24\/el-psoe-aprueba-una-declaracion-de-emergencia-climatica-con-13-propuestas-concretas-y-urgentes\/","title":{"rendered":"El PSOE aprueba una Declaraci\u00f3n de Emergencia Clim\u00e1tica con 13 propuestas concretas y urgentes"},"content":{"rendered":"<p style=\"font-weight: 400; text-align: justify;\">El PSOE de Cantabria ha aprobado una Declaraci\u00f3n de Emergencia Clim\u00e1tica con 13 propuestas concretas y urgentes que llevaremos al parlamento de Cantabria y a los ayuntamientos de la comunidad aut\u00f3noma.<\/p>\n<p style=\"font-weight: 400; text-align: justify;\">Durante la reuni\u00f3n de la Comisi\u00f3n Ejecutiva Auton\u00f3mica, celebrada este mi\u00e9rcoles 23 de julio, los socialistas c\u00e1ntabros han aprobado esta bater\u00eda de propuestas \u201cque tienen como objetivo advertir a las instituciones y a las administraciones p\u00fablicas auton\u00f3mica y locales de los retos y desaf\u00edos que tenemos por delante si queremos garantizar un progreso seguro y sostenible para las pr\u00f3ximas generaciones\u201d.<\/p>\n<p style=\"font-weight: 400; text-align: justify;\">As\u00ed lo ha expresado el secretario general del PSOE de Cantabria, Pedro Casares, que ha se\u00f1alado que el PSOE\u00a0\u201ces el primer partido de Cantabria en tomarse enserio la emergencia clim\u00e1tica presentando una bater\u00eda de propuestas para avanzar en un desarrollo m\u00e1s sostenible y reducir los riesgos que tiene no actuar de forma urgente\u201d.<\/p>\n<p style=\"font-weight: 400; text-align: justify;\">\u201cCada d\u00eda que pasa sin que el Gobierno de Buruaga y el PP haga pol\u00edticas para mitigar y adaptarnos al cambio clim\u00e1tico, pone en riesgo vidas humanas, la seguridad de nuestras infraestructuras, el empleo y nuestro patrimonio natural de Cantabria\u201d, ha se\u00f1alado.<\/p>\n<p style=\"font-weight: 400; text-align: justify;\">Por ello, el l\u00edder de los socialistas c\u00e1ntabros ha pedido al PP \u201cdejar de marear la perdiz y hacer anuncios de proyectos que nunca llegan y gestionar y aplicar la estrategia c\u00e1ntabra de Cambio Clim\u00e1tico que est\u00e1 en vigor\u201d. \u201cNo hay tiempo que perder y menos en anuncios de nuevas estrategias detr\u00e1s de los que se esconde justificar su inacci\u00f3n\u201d, ha enfatizado.<\/p>\n<p style=\"font-weight: 400; text-align: justify;\"><strong>13 propuestas<\/strong><\/p>\n<p style=\"font-weight: 400; text-align: justify;\">\u201cCantabria ha tenido el mes de junio m\u00e1s caluroso de las \u00faltimas seis d\u00e9cadas, un hecho sin precedentes que ha puesto de manifiesto la extrema vulnerabilidad de nuestra regi\u00f3n ante el Cambio Clim\u00e1tico global. Esta ola de calor no es un episodio aislado, sino una clara evidencia de una tendencia que exige respuestas inmediatas y contundentes\u201d, han explicado en el inicio del documento aprobado los socialistas c\u00e1ntabros.<\/p>\n<p style=\"font-weight: 400; text-align: justify;\">Sobre las propuestas, aprobadas por la direcci\u00f3n del PSOE c\u00e1ntabro, Casares ha destacado que \u201ccon ellas pretendemos avanzar en una transici\u00f3n ecol\u00f3gica justa, que garantice que el coste de adaptarnos a un modelo sostenible no recaiga sobre quienes menos tienen\u201d.<\/p>\n<p style=\"font-weight: 400; text-align: justify;\">\u201cQueremos actuar con decisi\u00f3n, ambici\u00f3n y justicia para hacer frente a este desaf\u00edo global desde lo local\u201d, ha dicho.<\/p>\n<p style=\"font-weight: 400; text-align: justify;\">Entre las propuestas, los socialistas c\u00e1ntabros han planteado la creaci\u00f3n de un Centro de Observaci\u00f3n del Cambio Clim\u00e1tico de Cantabria o establecer\u00a0ayudas auton\u00f3micas para instalaciones de autoconsumo de generaci\u00f3n de energ\u00eda limpias y renovables como placas solares con bater\u00edas, as\u00ed como ayudas para adaptar sus viviendas a unas condiciones de eficiencia energ\u00e9tica \u201cpara dar independencia energ\u00e9tica a las familias\u201d.<\/p>\n<p style=\"font-weight: 400; text-align: justify;\">Los socialistas c\u00e1ntabros han propuesto destinar al menos el 1% del PIB regional de Cantabria a pol\u00edticas de transici\u00f3n ecol\u00f3gica, as\u00ed como desarrollar un Plan de reforestaci\u00f3n auton\u00f3mico, para\u00a0aumentar la superficie forestal aut\u00f3ctona para aumentar la capacidad de absorci\u00f3n de CO<sup>2<\/sup>\u00a0y aumentar la biodiversidad que sustenta todo nuestro sistema ecol\u00f3gico.<\/p>\n<p style=\"font-weight: 400; text-align: justify;\">Asimismo, han se\u00f1alado la necesidad de establecer la obligatoriedad de una cl\u00e1usula verde en todos los contratos de licitaci\u00f3n p\u00fablica en Cantabria, tanto en el \u00e1mbito de los servicios como en el de las obras.<\/p>\n<p style=\"font-weight: 400; text-align: justify;\">De la misma forma, han planteado\u00a0el desarrollo urban\u00edstico con la filosof\u00eda del 3-30-300 en los municipios de Cantabria \u201cpara crear entornos m\u00e1s saludables, sostenibles y accesibles\u201d.<\/p>\n<p style=\"font-weight: 400; text-align: justify;\">\u201cEsta estrategia promueve que cada persona pueda ver al menos tres \u00e1rboles desde su vivienda, que haya al menos un 30% de cobertura vegetal en su barrio y que viva a menos de 300 metros de una zona verde\u201d, han destacado.<\/p>\n<p style=\"font-weight: 400; text-align: justify;\">Para los socialistas c\u00e1ntabros es importante asimismo la\u00a0creaci\u00f3n de una Oficina de reaprovechamiento Industrial en Cantabria con el objetivo de impulsar la econom\u00eda circular mediante el fomento de la colaboraci\u00f3n entre empresas para optimizar el uso de recursos, minimizar residuos y transformar subproductos en nuevas oportunidades de negocio.<\/p>\n<p style=\"font-weight: 400; text-align: justify;\">Tambi\u00e9n han propuesto una Escuela de Medio Ambiente de Cantabria, con la finalidad ofrecer un espacio educativo permanente dedicado a la concienciaci\u00f3n y formaci\u00f3n en ciencia medioambiental, con un enfoque especial en la crisis clim\u00e1tica y la sostenibilidad.<\/p>\n<p style=\"font-weight: 400; text-align: justify;\">Otras de las propuestas han se\u00f1alado la necesidad de gestionar la cesi\u00f3n mediante concesi\u00f3n de terreno p\u00fablico para potenciar y favorecer la creaci\u00f3n de cooperativas agroganaderas para crear una producci\u00f3n alimentaria de calidad y de cercan\u00eda a la vez que se favorece la fijaci\u00f3n de poblaci\u00f3n, al estilo de naves nido que hay en algunos municipios, as\u00ed como la creaci\u00f3n de un inventario detallado de espacios naturales degradados en Cantabria.<\/p>\n<p style=\"font-weight: 400; text-align: justify;\"><strong>Ayudas para impulsar el transporte sostenible<\/strong><\/p>\n<p style=\"font-weight: 400; text-align: justify;\">Finalmente, los socialistas c\u00e1ntabros han propuesto la creaci\u00f3n de un Consorcio de Transportes de Cantabria con el objetivo de coordinar y mejorar la movilidad sostenible y colectiva en toda la regi\u00f3n, como herramienta clave para reducir las emisiones de CO\u2082 y mejorar la calidad del aire.<\/p>\n<p style=\"font-weight: 400; text-align: justify;\">As\u00ed como un sistema de incentivos para aquellas empresas que fomenten la movilidad sostenible y la creaci\u00f3n de una l\u00ednea de ayudas espec\u00edfica y simplificada para los trabajadores aut\u00f3nomos de Cantabria destinada a la electrificaci\u00f3n de su flota de veh\u00edculos.<\/p>\n","protected":false},"excerpt":{"rendered":"<p>El PSOE de Cantabria ha aprobado una Declaraci\u00f3n de Emergencia Clim\u00e1tica con 13 propuestas concretas y urgentes que llevaremos al parlamento de Cantabria y a los ayuntamientos de la comunidad aut\u00f3noma. Durante la reuni\u00f3n de la Comisi\u00f3n Ejecutiva Auton\u00f3mica, celebrada este mi\u00e9rcoles 23 de julio, los socialistas c\u00e1ntabros han aprobado esta bater\u00eda de propuestas \u201cque [&hellip;]<\/p>\n","protected":false},"author":12,"featured_media":10793,"comment_status":"open","ping_status":"closed","sticky":false,"template":"","format":"standard","meta":{"tdm_status":"","tdm_grid_status":"","footnotes":""},"categories":[14,24,420,25],"tags":[],"class_list":["post-10792","post","type-post","status-publish","format-standard","has-post-thumbnail","hentry","category-notas-de-prensa","category-partido","category-pedro-casares","category-actualidad"],"_links":{"self":[{"href":"https:\/\/www.psc-psoe.es\/index.php\/wp-json\/wp\/v2\/posts\/10792","targetHints":{"allow":["GET"]}}],"collection":[{"href":"https:\/\/www.psc-psoe.es\/index.php\/wp-json\/wp\/v2\/posts"}],"about":[{"href":"https:\/\/www.psc-psoe.es\/index.php\/wp-json\/wp\/v2\/types\/post"}],"author":[{"embeddable":true,"href":"https:\/\/www.psc-psoe.es\/index.php\/wp-json\/wp\/v2\/users\/12"}],"replies":[{"embeddable":true,"href":"https:\/\/www.psc-psoe.es\/index.php\/wp-json\/wp\/v2\/comments?post=10792"}],"version-history":[{"count":1,"href":"https:\/\/www.psc-psoe.es\/index.php\/wp-json\/wp\/v2\/posts\/10792\/revisions"}],"predecessor-version":[{"id":10794,"href":"https:\/\/www.psc-psoe.es\/index.php\/wp-json\/wp\/v2\/posts\/10792\/revisions\/10794"}],"wp:featuredmedia":[{"embeddable":true,"href":"https:\/\/www.psc-psoe.es\/index.php\/wp-json\/wp\/v2\/media\/10793"}],"wp:attachment":[{"href":"https:\/\/www.psc-psoe.es\/index.php\/wp-json\/wp\/v2\/media?parent=10792"}],"wp:term":[{"taxonomy":"category","embeddable":true,"href":"https:\/\/www.psc-psoe.es\/index.php\/wp-json\/wp\/v2\/categories?post=10792"},{"taxonomy":"post_tag","embeddable":true,"href":"https:\/\/www.psc-psoe.es\/index.php\/wp-json\/wp\/v2\/tags?post=10792"}],"curies":[{"name":"wp","href":"https:\/\/api.w.org\/{rel}","templated":true}]}}