{"id":1078,"date":"2017-11-22T13:30:31","date_gmt":"2017-11-22T12:30:31","guid":{"rendered":"http:\/\/psc-psoe.es\/?p=1078"},"modified":"2019-02-19T13:33:18","modified_gmt":"2019-02-19T12:33:18","slug":"el-psoe-cuestiona-la-efectividad-del-metro-tus-para-mejorar-la-movilidad-en-santander","status":"publish","type":"post","link":"https:\/\/www.psc-psoe.es\/index.php\/2017\/11\/22\/el-psoe-cuestiona-la-efectividad-del-metro-tus-para-mejorar-la-movilidad-en-santander\/","title":{"rendered":"El PSOE cuestiona la efectividad del Metro- TUS para mejorar la movilidad en Santander"},"content":{"rendered":"<p><span class=\"Apple-style-span\">El secretario general del PSOE de Santander y portavoz municipal, Pedro Casares cuestiona la efectividad del metro- TUS para mejorar la movilidad en Santander.<\/span><\/p>\n<p><span class=\"Apple-style-span\">\u00a0<\/span><span class=\"Apple-style-span\">Casares se pregunta para que sirve una obra \u201cque va a costar m\u00e1s de 7 millones de euros\u201d si la Alcaldesa ha reconocido que no afectar\u00e1 al 70% de los usuarios. \u201cEs vergonzoso que la Alcaldesa anuncie sin pesta\u00f1ear que \u00a0cerca del 70% de los usuarios solo percibir\u00e1 mejoras ya que las l\u00edneas con mayor afluencia de viajeros permanecer\u00e1n iguales\u201d denuncia el edil, que se pregunta \u00bfpara qu\u00e9 sirve entonces tanta macro obra?.<\/span><\/p>\n<p><span class=\"Apple-style-span\">En este sentido, el portavoz del PSOE considera que el equipo de gobierno del Partido Popular \u201cdeber\u00eda profundizar en sus anuncios\u201d para explicar que este proyecto va a optimizar y mejorar \u201csi la mayor\u00eda de los usuarios van a seguir haciendo el mismo uso que hac\u00edan del servicio de autobuses municipales.<\/span><\/p>\n<p><span class=\"Apple-style-span\">A su juicio, es \u201cinjustificable\u201d una obra que va a costar m\u00e1s de 3,6 millones de euros, eliminando aparcamientos y perjudicando el tr\u00e1fico. De esta forma recuerda que la Junta de Gobierno adjudic\u00f3 las obras por un presupuesto superior a los 2,5 millones de euros, pero despu\u00e9s se increment\u00f3 el gasto tras aprobar una modificaci\u00f3n de cr\u00e9dito de 1,1 millones de euros y por otros 375.000 euros anuales, los cinco autobuses articulados que prestar\u00e1n servicio en el corredor central del metro TUS.<\/span><\/p>\n<p><span class=\"Apple-style-span\">Adem\u00e1s, para el l\u00edder socialista, \u201ces poco transparente que en el consejo de administraci\u00f3n del TUS hayamos preguntado cuando se pondr\u00e1 en marcha el servicio y no lo supieran y en rueda de prensa anuncien que ser\u00e1 el 1 de febrero\u201d. \u201cHe preguntado cuando iban a poner en marcha el servicio y han dicho que los t\u00e9cnicos tendr\u00edan que valorarlo en los primeros meses de 2018, pero ante la prensa no ha dudado en decir que ser\u00e1 el primer d\u00eda de febrero\u201d critica.<\/span><\/p>\n<p><strong><span class=\"Apple-style-span\">Motos y taxis<\/span><\/strong><\/p>\n<p><span class=\"Apple-style-span\">Por \u00faltimo, Pedro Casares considera que hoy ha quedado demostrada \u201cla falta de control\u201d y \u201cla mala gesti\u00f3n\u201d del Partido Popular, primero no les dejaban circular, \u00a0luego les dejaban circular pero no parar, y ahora ya si los taxis pueden estacionar a recoger o dejar pasajeros en el carril de metro tus, y hoy anuncian que tambi\u00e9n las motos podr\u00e1n circular por dicho carril.<\/span><\/p>\n<p><span class=\"Apple-style-span\">\u201c\u00bfQu\u00e9 desprop\u00f3sito es este que cada semana anuncian un cambio en la circulaci\u00f3n de este nuevo carril r\u00e1pido? concluye el concejal socialista.<\/span> <\/p>\n","protected":false},"excerpt":{"rendered":"<p>El secretario general del PSOE de Santander y portavoz municipal, Pedro Casares cuestiona la efectividad del metro- TUS para mejorar la movilidad en Santander. \u00a0Casares se pregunta para que sirve una obra \u201cque va a costar m\u00e1s de 7 millones de euros\u201d si la Alcaldesa ha reconocido que no afectar\u00e1 al 70% de los usuarios. [&hellip;]<\/p>\n","protected":false},"author":2,"featured_media":827,"comment_status":"open","ping_status":"open","sticky":false,"template":"","format":"standard","meta":{"tdm_status":"","tdm_grid_status":"","footnotes":""},"categories":[20,16],"tags":[],"class_list":["post-1078","post","type-post","status-publish","format-standard","has-post-thumbnail","hentry","category-santander","category-noticias-santander"],"_links":{"self":[{"href":"https:\/\/www.psc-psoe.es\/index.php\/wp-json\/wp\/v2\/posts\/1078","targetHints":{"allow":["GET"]}}],"collection":[{"href":"https:\/\/www.psc-psoe.es\/index.php\/wp-json\/wp\/v2\/posts"}],"about":[{"href":"https:\/\/www.psc-psoe.es\/index.php\/wp-json\/wp\/v2\/types\/post"}],"author":[{"embeddable":true,"href":"https:\/\/www.psc-psoe.es\/index.php\/wp-json\/wp\/v2\/users\/2"}],"replies":[{"embeddable":true,"href":"https:\/\/www.psc-psoe.es\/index.php\/wp-json\/wp\/v2\/comments?post=1078"}],"version-history":[{"count":0,"href":"https:\/\/www.psc-psoe.es\/index.php\/wp-json\/wp\/v2\/posts\/1078\/revisions"}],"wp:featuredmedia":[{"embeddable":true,"href":"https:\/\/www.psc-psoe.es\/index.php\/wp-json\/wp\/v2\/media\/827"}],"wp:attachment":[{"href":"https:\/\/www.psc-psoe.es\/index.php\/wp-json\/wp\/v2\/media?parent=1078"}],"wp:term":[{"taxonomy":"category","embeddable":true,"href":"https:\/\/www.psc-psoe.es\/index.php\/wp-json\/wp\/v2\/categories?post=1078"},{"taxonomy":"post_tag","embeddable":true,"href":"https:\/\/www.psc-psoe.es\/index.php\/wp-json\/wp\/v2\/tags?post=1078"}],"curies":[{"name":"wp","href":"https:\/\/api.w.org\/{rel}","templated":true}]}}