{"id":10775,"date":"2025-07-22T12:40:14","date_gmt":"2025-07-22T11:40:14","guid":{"rendered":"https:\/\/www.psc-psoe.es\/?p=10775"},"modified":"2025-07-22T12:40:14","modified_gmt":"2025-07-22T11:40:14","slug":"el-psoe-denuncia-que-el-gobierno-de-cantabria-no-ha-abierto-la-piscina-del-albergue-de-tama-y-propone-que-se-ceda-la-gestion-a-la-mancomunidad-de-liebana-y-penarrubia","status":"publish","type":"post","link":"https:\/\/www.psc-psoe.es\/index.php\/2025\/07\/22\/el-psoe-denuncia-que-el-gobierno-de-cantabria-no-ha-abierto-la-piscina-del-albergue-de-tama-y-propone-que-se-ceda-la-gestion-a-la-mancomunidad-de-liebana-y-penarrubia\/","title":{"rendered":"El PSOE denuncia que el Gobierno de Cantabria no ha abierto la piscina del albergue de Tama y propone que se ceda la gesti\u00f3n a la Mancomunidad de Li\u00e9bana y Pe\u00f1arrubia"},"content":{"rendered":"<p style=\"font-weight: 400; text-align: justify;\">El PSOE de Li\u00e9bana ha denunciado que el Gobierno de Cantabria no ha abierto la piscina del albergue de Tama.<\/p>\n<p style=\"font-weight: 400; text-align: justify;\">As\u00ed lo ha trasladado el secretario general de la agrupaci\u00f3n comarcal de los socialistas lebaniegos y alcalde de Pe\u00f1arrubia, Secundino Caso, durante la reuni\u00f3n de la Mancomunidad de Li\u00e9bana.<\/p>\n<p style=\"font-weight: 400; text-align: justify;\">\u201cLas explicaciones dadas hasta el momento son insuficientes porque el Gobierno de Cantabria y la presidenta Buruaga se comprometieron por escrito a la apertura de la piscina del albergue de Tama, como \u00f3rgano competente para hacerlo, y ahora los perjudicados son 120 ni\u00f1os de Pe\u00f1arrubia y toda la comarca de Li\u00e9bana que, como cada verano, disfrutan de un campus en este albergue y hacen uso de esa piscina\u201d, ha expresado el tambi\u00e9n senador del PSOE c\u00e1ntabro.<\/p>\n<p style=\"font-weight: 400; text-align: justify;\">En este sentido, el dirigente ha se\u00f1alado que \u201cno se trata de que la Mancomunidad y el ayuntamiento de Cillorigo busquen una alternativa, se trata de que el Gobierno de Cantabria cumpla la palabra dada y no trate a los vecinos y vecinas de esta comarca como ciudadanos de tercera\u201d.<\/p>\n<p style=\"font-weight: 400; text-align: justify;\">Secundino Caso, ante el conocimiento de que el Gobierno de Cantabria ha propuesto ceder la gesti\u00f3n del albergue de Tama al ayuntamiento de Cillorigo de Li\u00e9bana, durante la reuni\u00f3n de la Mancomunidad celebrada este lunes, 21 de julio, ha propuesto que dicha cesi\u00f3n no se haga al ayuntamiento sino a la Mancomunidad de Li\u00e9bana y Pe\u00f1arrubia \u201cpara que pueda ser de uso compartido por todos los vecinos de la comarca\u201d.<\/p>\n<p style=\"font-weight: 400; text-align: justify;\">Para Caso, \u201clos recortes del PP de Buruaga en Li\u00e9bana van desde la falta del tan necesario pediatra desde hace m\u00e1s de un a\u00f1o, que ha hecho que las familias se movilicen y recojan m\u00e1s de 600 firmas para exig\u00edrselo al consejero de Salud, C\u00e9sar Pascual, hasta el uso de la piscina de Tama, que disfrutaban cada a\u00f1o 120 ni\u00f1os y ni\u00f1as\u201d.<\/p>\n<p style=\"font-weight: 400; text-align: justify;\">Por \u00faltimo, Secundino Caso ha recordado que \u201cesta situaci\u00f3n nunca se hab\u00eda dado en los \u00faltimos a\u00f1os y los ni\u00f1os y ni\u00f1as que disfrutan de ese campus y que permiten a las familias poder conciliar la vida laboral y familiar en los meses de verano, siempre hab\u00edan podido disfrutar de esa piscina\u201d.<\/p>\n<p style=\"font-weight: 400; text-align: justify;\">\u201cUna prueba m\u00e1s de que en Cantabria todo va a peor con la se\u00f1ora Buruaga y la nefasta gesti\u00f3n del Partido Popular\u201d, ha concluido.<\/p>\n","protected":false},"excerpt":{"rendered":"<p>El PSOE de Li\u00e9bana ha denunciado que el Gobierno de Cantabria no ha abierto la piscina del albergue de Tama. As\u00ed lo ha trasladado el secretario general de la agrupaci\u00f3n comarcal de los socialistas lebaniegos y alcalde de Pe\u00f1arrubia, Secundino Caso, durante la reuni\u00f3n de la Mancomunidad de Li\u00e9bana. \u201cLas explicaciones dadas hasta el momento [&hellip;]<\/p>\n","protected":false},"author":12,"featured_media":10776,"comment_status":"open","ping_status":"closed","sticky":false,"template":"","format":"standard","meta":{"tdm_status":"","tdm_grid_status":"","footnotes":""},"categories":[36],"tags":[],"class_list":["post-10775","post","type-post","status-publish","format-standard","has-post-thumbnail","hentry","category-liebana"],"_links":{"self":[{"href":"https:\/\/www.psc-psoe.es\/index.php\/wp-json\/wp\/v2\/posts\/10775","targetHints":{"allow":["GET"]}}],"collection":[{"href":"https:\/\/www.psc-psoe.es\/index.php\/wp-json\/wp\/v2\/posts"}],"about":[{"href":"https:\/\/www.psc-psoe.es\/index.php\/wp-json\/wp\/v2\/types\/post"}],"author":[{"embeddable":true,"href":"https:\/\/www.psc-psoe.es\/index.php\/wp-json\/wp\/v2\/users\/12"}],"replies":[{"embeddable":true,"href":"https:\/\/www.psc-psoe.es\/index.php\/wp-json\/wp\/v2\/comments?post=10775"}],"version-history":[{"count":1,"href":"https:\/\/www.psc-psoe.es\/index.php\/wp-json\/wp\/v2\/posts\/10775\/revisions"}],"predecessor-version":[{"id":10777,"href":"https:\/\/www.psc-psoe.es\/index.php\/wp-json\/wp\/v2\/posts\/10775\/revisions\/10777"}],"wp:featuredmedia":[{"embeddable":true,"href":"https:\/\/www.psc-psoe.es\/index.php\/wp-json\/wp\/v2\/media\/10776"}],"wp:attachment":[{"href":"https:\/\/www.psc-psoe.es\/index.php\/wp-json\/wp\/v2\/media?parent=10775"}],"wp:term":[{"taxonomy":"category","embeddable":true,"href":"https:\/\/www.psc-psoe.es\/index.php\/wp-json\/wp\/v2\/categories?post=10775"},{"taxonomy":"post_tag","embeddable":true,"href":"https:\/\/www.psc-psoe.es\/index.php\/wp-json\/wp\/v2\/tags?post=10775"}],"curies":[{"name":"wp","href":"https:\/\/api.w.org\/{rel}","templated":true}]}}