{"id":10730,"date":"2025-07-16T13:18:06","date_gmt":"2025-07-16T12:18:06","guid":{"rendered":"https:\/\/www.psc-psoe.es\/?p=10730"},"modified":"2025-07-16T13:18:06","modified_gmt":"2025-07-16T12:18:06","slug":"el-psoe-defiende-el-actual-calendario-escolar-aprobado-por-consenso-tanto-de-la-comunidad-educativa-como-del-parlamento","status":"publish","type":"post","link":"https:\/\/www.psc-psoe.es\/index.php\/2025\/07\/16\/el-psoe-defiende-el-actual-calendario-escolar-aprobado-por-consenso-tanto-de-la-comunidad-educativa-como-del-parlamento\/","title":{"rendered":"El PSOE defiende el actual calendario escolar \u201caprobado por consenso tanto de la comunidad educativa como del Parlamento\u201d"},"content":{"rendered":"<p style=\"text-align: justify;\">El PSOE de Cantabria ha defendido hoy el actual calendario escolar \u201caprobado por consenso tanto de la comunidad educativa como del Parlamento\u201d.<\/p>\n<p style=\"text-align: justify;\">Samperio ha pedido al consejero de Educaci\u00f3n del PP que \u201csea claro\u201d: \u201cSi a \u00e9l no le gusta el calendario escolar que lo diga pero que no nos intente volver a enga\u00f1ar con falsos consensos\u201d.<\/p>\n<p style=\"text-align: justify;\">As\u00ed lo ha expresado la secretaria de Educaci\u00f3n, Ver\u00f3nica Samperio, tras las declaraciones del consejero de Educaci\u00f3n, Sergio Silva, en las que se abre a explorar el cambio del calendario escolar. \u201cLlama la atenci\u00f3n este anuncio del consejero sobre el calendario escolar cuando el curso ya ha finalizado\u201d, ha remarcado.<\/p>\n<p style=\"text-align: justify;\">\u201cNo hay ninguna raz\u00f3n que fundamente este cambio, no hay ninguna raz\u00f3n para estudiar si este calendario escolar debe modificarse porque hay un amplio consenso tanto de todos los sectores de la comunidad educativa como pol\u00edtica a favor del mismo\u201d, ha expresado Samperio.<\/p>\n<p style=\"text-align: justify;\">La responsable de Educaci\u00f3n del PSOE c\u00e1ntabro ha se\u00f1alado que el calendario bimensual y el curr\u00edculum establecido por bimestres est\u00e1 aprobado en el Acuerdo por la Educaci\u00f3n de Cantabria, firmado por todos los sectores y organizaciones que componen el Consejo Escolar de Cantabria y contando con el respaldo no solo de la comunidad educativa sino tambi\u00e9n del Parlamento. \u201cNada ha cambiado para estudiarlo\u201d, ha dicho.<\/p>\n<p style=\"text-align: justify;\">Un acuerdo entre la Consejer\u00eda de Educaci\u00f3n, Cultura y Deporte del Gobierno de Cantabria y las Organizaciones Sindicales, adoptado en Mesa Sectorial de Personal Docente de fecha 6 de mayo de 2019, que como ha recordado Samperio, fue aprobado por el Gobierno de Cantabria y publicado en el Bolet\u00edn Oficial de Cantabria el 28 de mayo de 2019.<\/p>\n<p style=\"text-align: justify;\">\u201cEn ese Acuerdo por la Educaci\u00f3n hab\u00eda algunas recomendaciones que ser\u00eda oportuno que el consejero tuviera a bien analizar y estudiar su implantaci\u00f3n, pero no revolver sobre los consensos que ya existen\u201d, ha afirmado.<\/p>\n<p style=\"text-align: justify;\">Adem\u00e1s, Samperio ha se\u00f1alado que el primer a\u00f1o tras la implantaci\u00f3n del actual calendario escolar ya se hizo un informe tras realizar entrevistas a todos los sectores de la comunidad educativa, un informe que por alguna raz\u00f3n no ha visto la luz\u201d. \u201cLo que deber\u00eda hacer el consejero del PP antes de hablar es solicitar dicho informe al Consejo Escolar\u201d, ha dicho.<\/p>\n<p style=\"text-align: justify;\">\u201cPedimos que se d\u00e9 a conocer ese informe que se\u00f1alaba que el curso deber\u00eda iniciarse cuanto antes en septiembre y finalizarse lo m\u00e1s tarde posible en junio para ajustar los periodos vacacionales del calendario y evitar sobrecarga de tareas y ex\u00e1menes en torno a esos descansos\u201d, ha se\u00f1alado.<\/p>\n<p style=\"text-align: justify;\">En este sentido, la responsable educativa de los socialistas c\u00e1ntabros ha afirmado que \u201ccada vez que el consejero de Educaci\u00f3n habla de buscar consenso nos echamos a temblar\u201d.<\/p>\n<p style=\"text-align: justify;\">\u201cSorprende y preocupa, adem\u00e1s, que el consejero diga que no va a tomar decisiones sobre el calendario escolar en solitario y sin consenso cuando la experiencia nos dice que cada vez que va a dialogar acaba imponiendo como est\u00e1 pasando con otros asuntos educativos como la adecuaci\u00f3n salarial de los docentes o el cierre del CEIP El Pedregal, en Castro Urdiales\u201d, ha dicho.<\/p>\n<p style=\"text-align: justify;\">Por \u00faltimo, Ver\u00f3nica Samperio ha pedido al consejero de Educaci\u00f3n \u201cdejar a la comunidad educativa hacer su trabajo en paz y dejar de confundir a la ciudadan\u00eda con retrocesos que son recortes porque cada vez que toma una decisi\u00f3n, perjudica al conjunto de Cantabria\u201d.<\/p>\n","protected":false},"excerpt":{"rendered":"<p>El PSOE de Cantabria ha defendido hoy el actual calendario escolar \u201caprobado por consenso tanto de la comunidad educativa como del Parlamento\u201d. Samperio ha pedido al consejero de Educaci\u00f3n del PP que \u201csea claro\u201d: \u201cSi a \u00e9l no le gusta el calendario escolar que lo diga pero que no nos intente volver a enga\u00f1ar con [&hellip;]<\/p>\n","protected":false},"author":12,"featured_media":10731,"comment_status":"open","ping_status":"closed","sticky":false,"template":"","format":"standard","meta":{"tdm_status":"","tdm_grid_status":"","footnotes":""},"categories":[14,24,25],"tags":[],"class_list":["post-10730","post","type-post","status-publish","format-standard","has-post-thumbnail","hentry","category-notas-de-prensa","category-partido","category-actualidad"],"_links":{"self":[{"href":"https:\/\/www.psc-psoe.es\/index.php\/wp-json\/wp\/v2\/posts\/10730","targetHints":{"allow":["GET"]}}],"collection":[{"href":"https:\/\/www.psc-psoe.es\/index.php\/wp-json\/wp\/v2\/posts"}],"about":[{"href":"https:\/\/www.psc-psoe.es\/index.php\/wp-json\/wp\/v2\/types\/post"}],"author":[{"embeddable":true,"href":"https:\/\/www.psc-psoe.es\/index.php\/wp-json\/wp\/v2\/users\/12"}],"replies":[{"embeddable":true,"href":"https:\/\/www.psc-psoe.es\/index.php\/wp-json\/wp\/v2\/comments?post=10730"}],"version-history":[{"count":1,"href":"https:\/\/www.psc-psoe.es\/index.php\/wp-json\/wp\/v2\/posts\/10730\/revisions"}],"predecessor-version":[{"id":10732,"href":"https:\/\/www.psc-psoe.es\/index.php\/wp-json\/wp\/v2\/posts\/10730\/revisions\/10732"}],"wp:featuredmedia":[{"embeddable":true,"href":"https:\/\/www.psc-psoe.es\/index.php\/wp-json\/wp\/v2\/media\/10731"}],"wp:attachment":[{"href":"https:\/\/www.psc-psoe.es\/index.php\/wp-json\/wp\/v2\/media?parent=10730"}],"wp:term":[{"taxonomy":"category","embeddable":true,"href":"https:\/\/www.psc-psoe.es\/index.php\/wp-json\/wp\/v2\/categories?post=10730"},{"taxonomy":"post_tag","embeddable":true,"href":"https:\/\/www.psc-psoe.es\/index.php\/wp-json\/wp\/v2\/tags?post=10730"}],"curies":[{"name":"wp","href":"https:\/\/api.w.org\/{rel}","templated":true}]}}