{"id":1073,"date":"2017-11-21T18:15:29","date_gmt":"2017-11-21T17:15:29","guid":{"rendered":"http:\/\/psc-psoe.es\/?p=1073"},"modified":"2019-01-03T10:55:56","modified_gmt":"2019-01-03T09:55:56","slug":"el-psoe-condena-el-cartel-machista-de-la-asociacion-cultural-mineros-del-reo","status":"publish","type":"post","link":"https:\/\/www.psc-psoe.es\/index.php\/2017\/11\/21\/el-psoe-condena-el-cartel-machista-de-la-asociacion-cultural-mineros-del-reo\/","title":{"rendered":"El PSOE condena el cartel machista de la Asociaci\u00f3n Cultural Mineros del Reo"},"content":{"rendered":"<p>El PSOE de Cantabria denuncia el cartel \u201cmachista\u201d de la Asociaci\u00f3n Cultural Mineros del Reo.<\/p>\n<p>La secretaria de Econom\u00eda y Comunicaci\u00f3n, Ainoa Qui\u00f1ones, considera \u201cavergonzante\u201d el cartel sexista que promocionaba el partido entre Atl\u00e9tico Mineros y el Deva, que se celebr\u00f3 el pasado s\u00e1bado 18 de noviembre, en el Pepin Cadelo, de Puente San Miguel.<\/p>\n<p>Qui\u00f1ones exige \u201cno solo que deje de difundirse este cartel\u201d sino que se pida disculpas \u201ca todas las mujeres\u201d y se retracten p\u00fablicamente por esta actuaci\u00f3n \u201cvergonzosa\u201d que atenta contra la igualdad.<br \/>\nEn este sentido, la dirigente es rotunda: \u201cEsto es denigrante para las mujeres\u201d pero tambi\u00e9n considera que \u201caverg\u00fcenza y denigra a los hombres porque nuestra sociedad no puede tolerar este tipo de anuncios\u201d.<\/p>\n<p>Por ello considera que se deben de tomar todas las medidas oportunas \u201cpara que nadie vuelva a tener la idea de utilizar a m\u00e1s mujeres como reclamo para nada\u201d. \u201cEs vergonzoso que se utilice la imagen de una mujer para una promoci\u00f3n deportiva\u201d asegura Qui\u00f1ones.<\/p>\n<p>Para la dirigente socialista, \u201ces inadmisible\u201d que se ataque de esta manera a las mujeres. \u201cLa lucha por la igualdad exige estar vigilantes ante este tipo de actitudes y acciones que averg\u00fcenzan a la sociedad en su conjunto\u201d ha subrayado.<\/p>\n<p>Por \u00faltimo, Ainoa Qui\u00f1ones, pide un esfuerzo a toda la ciudadan\u00eda \u201cpara evitar retroceder en el camino de la igualdad\u201d con acciones como esta que perjudican y atacan la dignidad de las mujeres. <\/p>\n","protected":false},"excerpt":{"rendered":"<p>El PSOE de Cantabria denuncia el cartel \u201cmachista\u201d de la Asociaci\u00f3n Cultural Mineros del Reo. La secretaria de Econom\u00eda y Comunicaci\u00f3n, Ainoa Qui\u00f1ones, considera \u201cavergonzante\u201d el cartel sexista que promocionaba el partido entre Atl\u00e9tico Mineros y el Deva, que se celebr\u00f3 el pasado s\u00e1bado 18 de noviembre, en el Pepin Cadelo, de Puente San Miguel. [&hellip;]<\/p>\n","protected":false},"author":2,"featured_media":918,"comment_status":"open","ping_status":"open","sticky":false,"template":"","format":"standard","meta":{"tdm_status":"","tdm_grid_status":"","footnotes":""},"categories":[24],"tags":[],"class_list":["post-1073","post","type-post","status-publish","format-standard","has-post-thumbnail","hentry","category-partido"],"_links":{"self":[{"href":"https:\/\/www.psc-psoe.es\/index.php\/wp-json\/wp\/v2\/posts\/1073","targetHints":{"allow":["GET"]}}],"collection":[{"href":"https:\/\/www.psc-psoe.es\/index.php\/wp-json\/wp\/v2\/posts"}],"about":[{"href":"https:\/\/www.psc-psoe.es\/index.php\/wp-json\/wp\/v2\/types\/post"}],"author":[{"embeddable":true,"href":"https:\/\/www.psc-psoe.es\/index.php\/wp-json\/wp\/v2\/users\/2"}],"replies":[{"embeddable":true,"href":"https:\/\/www.psc-psoe.es\/index.php\/wp-json\/wp\/v2\/comments?post=1073"}],"version-history":[{"count":0,"href":"https:\/\/www.psc-psoe.es\/index.php\/wp-json\/wp\/v2\/posts\/1073\/revisions"}],"wp:featuredmedia":[{"embeddable":true,"href":"https:\/\/www.psc-psoe.es\/index.php\/wp-json\/wp\/v2\/media\/918"}],"wp:attachment":[{"href":"https:\/\/www.psc-psoe.es\/index.php\/wp-json\/wp\/v2\/media?parent=1073"}],"wp:term":[{"taxonomy":"category","embeddable":true,"href":"https:\/\/www.psc-psoe.es\/index.php\/wp-json\/wp\/v2\/categories?post=1073"},{"taxonomy":"post_tag","embeddable":true,"href":"https:\/\/www.psc-psoe.es\/index.php\/wp-json\/wp\/v2\/tags?post=1073"}],"curies":[{"name":"wp","href":"https:\/\/api.w.org\/{rel}","templated":true}]}}