{"id":10699,"date":"2025-07-09T16:03:02","date_gmt":"2025-07-09T15:03:02","guid":{"rendered":"https:\/\/www.psc-psoe.es\/?p=10699"},"modified":"2025-07-09T16:03:02","modified_gmt":"2025-07-09T15:03:02","slug":"el-psoe-propone-en-el-decreto-de-autocaravanas-salvaguardar-las-zonas-de-yacimientos-arqueologicos-y-bienes-de-interes-cultural-de-cantabria","status":"publish","type":"post","link":"https:\/\/www.psc-psoe.es\/index.php\/2025\/07\/09\/el-psoe-propone-en-el-decreto-de-autocaravanas-salvaguardar-las-zonas-de-yacimientos-arqueologicos-y-bienes-de-interes-cultural-de-cantabria\/","title":{"rendered":"El PSOE propone en el decreto de autocaravanas salvaguardar las zonas de yacimientos arqueol\u00f3gicos y Bienes de Inter\u00e9s Cultural de Cantabria"},"content":{"rendered":"<p style=\"font-weight: 400; text-align: justify;\">El PSOE de Cantabria ha registrado una bater\u00eda de enmiendas a\u00a0la modificaci\u00f3n del decreto de Ordenaci\u00f3n de los Campamentos de Turismo y \u00c1reas de Servicio para Autocaravanas por el que se regulan estos espacios.<\/p>\n<p style=\"font-weight: 400; text-align: justify;\">El secretario de Pol\u00edtica Auton\u00f3mica del PSOE de Cantabria y portavoz parlamentario, Mario Iglesias, ha criticado\u00a0que el gobierno de Mar\u00eda Jos\u00e9 S\u00e1enz de Buruaga y el Partido Popular haya tardado dos a\u00f1os en traer al parlamento este decreto que regula las autocaravanas y c\u00e1mpines (campings): \u201cLas prioridades y las soluciones a los problemas de Cantabria no son su prioridad\u201d<\/p>\n<p style=\"font-weight: 400; text-align: justify;\">\u201cUn Gobierno que llega siempre tarde es un gobierno que incumple y paraliza Cantabria, este decreto y el de viviendas de uso tur\u00edstico fueron dos de los compromisos que la Presidenta adquiri\u00f3 en su investidura hace dos a\u00f1os y que empiezan a ver la luz ahora, con retraso y dejadez\u201d, ha lamentado.<\/p>\n<p style=\"font-weight: 400; text-align: justify;\">Para Iglesias, \u201cdos consejeros y quince dimisiones despu\u00e9s, parece que por fin el decreto que va a regular las zonas de autocaravanas y campamentos de turismo va a salir adelante y esperamos que cuenten con nuestras aportaciones reflejadas en estas enmiendas\u201d.<\/p>\n<p style=\"font-weight: 400; text-align: justify;\">Los socialistas c\u00e1ntabros han propuesto tambi\u00e9n salvaguardar las zonas donde se encuentren los yacimientos arqueol\u00f3gicos y los Bienes de Inter\u00e9s Cultural de Cantabria \u201cpara evitar que se instalen autocaravanas o campamentos de turismo\u201d.<\/p>\n<p style=\"font-weight: 400; text-align: justify;\">Por ello, han pedido que para la instalaci\u00f3n de campamentos de turismo o de un \u00e1rea de servicio para autocaravanas en terrenos \u201csituados a menos de 500 metros o dentro del entorno de protecci\u00f3n, si \u00e9ste fuera superior, de yacimientos arqueol\u00f3gicos o de bienes declarados de inter\u00e9s cultural, o cuyos expedientes de declaraci\u00f3n se hubiesen incoado en la fecha de solicitud, requerir\u00e1n informe preceptivo vinculante previo de la Consejer\u00eda competente en materia de patrimonio cultural\u201d.<\/p>\n<p style=\"font-weight: 400; text-align: justify;\">\u201cUno de los principales valores de Cantabria es nuestra riqueza patrimonial, extendida por toda la comunidad aut\u00f3noma, y que requiere que dediquemos todos los esfuerzos en todos los \u00e1mbitos para preservar, mantener en buen estado y proteger\u201d, ha explicado Iglesias.<\/p>\n<p style=\"font-weight: 400; text-align: justify;\">\n<p style=\"font-weight: 400; text-align: justify;\">Por otra parte, los socialistas c\u00e1ntabros han propuesto un registro \u201cp\u00fablico y actualizado\u201d de las \u00e1reas de autocaravanas que hay en Cantabria.<\/p>\n<p style=\"font-weight: 400; text-align: justify;\">Es una de las nueve enmiendas al decreto que regula las autocaravanas y los campamentos de turismo de Cantabria, que ha registrado el secretario de Pol\u00edtica Auton\u00f3mica del PSOE y portavoz parlamentario, Mario Iglesias.<\/p>\n<p style=\"font-weight: 400; text-align: justify;\">\u201cEste registro de las \u00e1reas de servicio para autocaravanas de Cantabria contar\u00eda \u201ccon especificaciones t\u00e9cnicas, de capacidad y de localizaci\u00f3n geogr\u00e1fica\u201d y estar\u00eda disponible en internet\u201d, ha afirmado el portavoz parlamentario de los socialistas c\u00e1ntabros.<\/p>\n<p style=\"font-weight: 400; text-align: justify;\">Iglesias ha asegurado que \u201cser\u00eda de gran utilidad para los usuarios\u201d poder consultarlas a trav\u00e9s de internet \u201cde manera r\u00e1pida y sencilla\u201d, adem\u00e1s de una medida de transparencia p\u00fablica.<\/p>\n<p style=\"font-weight: 400; text-align: justify;\"><strong>Otras propuestas<\/strong><\/p>\n<p style=\"font-weight: 400; text-align: justify;\">Adem\u00e1s, el portavoz parlamentario ha propuesto un plan de inspecci\u00f3n y control anual obligatorio en los campamentos de turismo y \u00e1reas de autocaravanas, con visitas aleatorias incluidas. Para Iglesias, \u00e9ste deber\u00eda contemplar aspectos t\u00e9cnicos, sanitarios, medioambientales y administrativos. \u201cCon esta enmienda, se asume que requerir\u00e1 aumentar los medios humanos y materiales, porque los existentes no son suficientes\u201d, ha afirmado Iglesias.<\/p>\n<p style=\"font-weight: 400; text-align: justify;\">En este sentido, el Grupo Parlamentario Socialista ha presentado una modificaci\u00f3n del decreto para que el consejero de Turismo sea la persona encargada de otorgar, modificar o revocar de oficio la condici\u00f3n de lugar de inter\u00e9s tur\u00edstico. Pero para estas decisiones el titular de esta materia deber\u00e1 contar con un informe previo del Consejo de Turismo de Cantabria, en el que est\u00e1n representados el Gobierno de Cantabria, los agentes econ\u00f3micos y sociales, las asociaciones de consumidores y usuarios tur\u00edsticos, las C\u00e1maras de Comercio y las entidades locales.<\/p>\n<p style=\"font-weight: 400; text-align: justify;\">Asimismo, el PSOE de Cantabria ha pedido garant\u00edas de accesibilidad y sostenibilidad. Estos incluyen nuevos criterios de eficiencia energ\u00e9tica y sistemas de gesti\u00f3n de aguas residuales para estas instalaciones y de accesibilidad conforme al C\u00f3digo T\u00e9cnico de la Edificaci\u00f3n y la normativa de supresi\u00f3n de barreras arquitect\u00f3nicas.<\/p>\n<p style=\"font-weight: 400; text-align: justify;\">Por \u00faltimo, Mario Iglesias ha pedido la modificaci\u00f3n del r\u00e9gimen sancionador, ya que las nuevas obligaciones para estos espacios deben verse reflejadas en las sanciones y sus cuant\u00edas actualizadas.<\/p>\n","protected":false},"excerpt":{"rendered":"<p>El PSOE de Cantabria ha registrado una bater\u00eda de enmiendas a\u00a0la modificaci\u00f3n del decreto de Ordenaci\u00f3n de los Campamentos de Turismo y \u00c1reas de Servicio para Autocaravanas por el que se regulan estos espacios. El secretario de Pol\u00edtica Auton\u00f3mica del PSOE de Cantabria y portavoz parlamentario, Mario Iglesias, ha criticado\u00a0que el gobierno de Mar\u00eda Jos\u00e9 [&hellip;]<\/p>\n","protected":false},"author":12,"featured_media":10700,"comment_status":"open","ping_status":"closed","sticky":false,"template":"","format":"standard","meta":{"tdm_status":"","tdm_grid_status":"","footnotes":""},"categories":[14,24,25],"tags":[],"class_list":["post-10699","post","type-post","status-publish","format-standard","has-post-thumbnail","hentry","category-notas-de-prensa","category-partido","category-actualidad"],"_links":{"self":[{"href":"https:\/\/www.psc-psoe.es\/index.php\/wp-json\/wp\/v2\/posts\/10699","targetHints":{"allow":["GET"]}}],"collection":[{"href":"https:\/\/www.psc-psoe.es\/index.php\/wp-json\/wp\/v2\/posts"}],"about":[{"href":"https:\/\/www.psc-psoe.es\/index.php\/wp-json\/wp\/v2\/types\/post"}],"author":[{"embeddable":true,"href":"https:\/\/www.psc-psoe.es\/index.php\/wp-json\/wp\/v2\/users\/12"}],"replies":[{"embeddable":true,"href":"https:\/\/www.psc-psoe.es\/index.php\/wp-json\/wp\/v2\/comments?post=10699"}],"version-history":[{"count":1,"href":"https:\/\/www.psc-psoe.es\/index.php\/wp-json\/wp\/v2\/posts\/10699\/revisions"}],"predecessor-version":[{"id":10701,"href":"https:\/\/www.psc-psoe.es\/index.php\/wp-json\/wp\/v2\/posts\/10699\/revisions\/10701"}],"wp:featuredmedia":[{"embeddable":true,"href":"https:\/\/www.psc-psoe.es\/index.php\/wp-json\/wp\/v2\/media\/10700"}],"wp:attachment":[{"href":"https:\/\/www.psc-psoe.es\/index.php\/wp-json\/wp\/v2\/media?parent=10699"}],"wp:term":[{"taxonomy":"category","embeddable":true,"href":"https:\/\/www.psc-psoe.es\/index.php\/wp-json\/wp\/v2\/categories?post=10699"},{"taxonomy":"post_tag","embeddable":true,"href":"https:\/\/www.psc-psoe.es\/index.php\/wp-json\/wp\/v2\/tags?post=10699"}],"curies":[{"name":"wp","href":"https:\/\/api.w.org\/{rel}","templated":true}]}}