{"id":10680,"date":"2025-07-08T11:09:16","date_gmt":"2025-07-08T10:09:16","guid":{"rendered":"https:\/\/www.psc-psoe.es\/?p=10680"},"modified":"2025-07-08T11:09:16","modified_gmt":"2025-07-08T10:09:16","slug":"el-psoe-registra-1-200-firmas-de-vecinos-de-cartes-solicitando-medico-en-el-consultorio-el-86-de-los-usuarios","status":"publish","type":"post","link":"https:\/\/www.psc-psoe.es\/index.php\/2025\/07\/08\/el-psoe-registra-1-200-firmas-de-vecinos-de-cartes-solicitando-medico-en-el-consultorio-el-86-de-los-usuarios\/","title":{"rendered":"El PSOE registra 1.200 firmas de vecinos de Cartes solicitando m\u00e9dico en el consultorio, el 86% de los usuarios"},"content":{"rendered":"<p style=\"font-weight: 400; text-align: justify;\">La alcaldesa de Cartes, Lorena Cueto, junto al secretario de Pol\u00edtica Auton\u00f3mica y portavoz parlamentario, Mario Iglesias, ha registrado 1.200 vecinas de vecinos del municipio solicitando un m\u00e9dico en el consultorio.<\/p>\n<p style=\"font-weight: 400; text-align: justify;\">Cueto ha se\u00f1alado que esas 1.200 firmas representan el 86% de los usuarios del consultorio de Cartes, que atiende a 1.400 vecinos.<\/p>\n<p style=\"font-weight: 400; text-align: justify;\">\u201cLa respuesta de la Consejer\u00eda de Salud es que Cartes no es la prioridad, que hay otras prioridades por encima de nosotros. Para m\u00ed, como alcaldesa la prioridad son mis vecinos, llevamos tres meses sin atenci\u00f3n primaria y nuestros mayores y personas con movilidad reducida teniendo que trasladarse al consultorio de base, en Tanos, en otro municipio\u201d.<\/p>\n<p style=\"font-weight: 400; text-align: justify;\">Para Cueto, \u201cla falta de previsi\u00f3n en la consejer\u00eda de Salud es brutal, si el concurso de traslados se hubiera resuelto ya, tendr\u00edamos m\u00e9dico en el consultorio de Cartes, y en cambio ahora nos dicen que, hasta octubre, en principio, no se va a solucionar y esto no lo podemos permitir\u201d.<\/p>\n<p style=\"font-weight: 400; text-align: justify;\">\u201cEntregamos estas 1.200 firmas para alzar la voz y que la consejer\u00eda de Salud nos mire, nos ponga en el foco para que haga efectiva para los vecinos de Cartes la sanidad universal y para todos\u201d, ha expresado la alcaldesa cartiega.<\/p>\n<p style=\"font-weight: 400; text-align: justify;\">Por su parte, Mario Iglesias ha denunciado \u201cla paulatina degradaci\u00f3n\u201d de la Sanidad P\u00fablica en Cantabria, \u201ca pesar de que la presidenta Buruaga se autodenomina una presidenta con alto perfil sanitario, que evidentemente no es cierto\u201d.<\/p>\n<p style=\"font-weight: 400; text-align: justify;\">\u201cHay muchos problemas en la Sanidad P\u00fablica en Cantabria, como estamos viendo, y m\u00e1s en estos meses de verano con el consejero de Salud, C\u00e9sar Pascual, afirmando que m\u00e1s de 70 consultorios rurales van a estar sin m\u00e9dico al menos una semana, sin contar las bajas y cuestiones que puedan sobrevenir, va haber SUAP sin m\u00e9dico y problemas en el transporte sanitario\u201d, ha dicho.<\/p>\n<p style=\"font-weight: 400; text-align: justify;\">Para el portavoz socialista, \u201cfrente al consejero C\u00e9sar Pascual, que califica esto como normalidad, lo que vamos a hacer desde el PSOE es no mirar para otro lado y vamos a estar al lado de los vecinos reclamando medidas y recursos para fortalecer el sistema sanitario\u201d.<\/p>\n<p style=\"font-weight: 400; text-align: justify;\">\u201cSi hace dos semanas est\u00e1bamos junto a los vecinos de Li\u00e9bana registrando firmas para exigir que haya un pediatra en la comarca, hoy estamos con los vecinos de Cartes y su alcaldesa, Lorena Cueto, denunciando que los vecinos del municipio llevan tres meses sin m\u00e9dico de atenci\u00f3n primaria\u201d.<\/p>\n<p style=\"font-weight: 400; text-align: justify;\">Por \u00faltimo, Mario Iglesias ha afirmado que desde el PSOE de Cantabria \u201cexigimos soluciones y exigimos gesti\u00f3n al Gobierno de Cantabria\u201d.<\/p>\n<p style=\"font-weight: 400; text-align: justify;\">\n","protected":false},"excerpt":{"rendered":"<p>La alcaldesa de Cartes, Lorena Cueto, junto al secretario de Pol\u00edtica Auton\u00f3mica y portavoz parlamentario, Mario Iglesias, ha registrado 1.200 vecinas de vecinos del municipio solicitando un m\u00e9dico en el consultorio. Cueto ha se\u00f1alado que esas 1.200 firmas representan el 86% de los usuarios del consultorio de Cartes, que atiende a 1.400 vecinos. \u201cLa respuesta [&hellip;]<\/p>\n","protected":false},"author":12,"featured_media":10681,"comment_status":"open","ping_status":"closed","sticky":false,"template":"","format":"standard","meta":{"tdm_status":"","tdm_grid_status":"","footnotes":""},"categories":[14,24,25],"tags":[],"class_list":["post-10680","post","type-post","status-publish","format-standard","has-post-thumbnail","hentry","category-notas-de-prensa","category-partido","category-actualidad"],"_links":{"self":[{"href":"https:\/\/www.psc-psoe.es\/index.php\/wp-json\/wp\/v2\/posts\/10680","targetHints":{"allow":["GET"]}}],"collection":[{"href":"https:\/\/www.psc-psoe.es\/index.php\/wp-json\/wp\/v2\/posts"}],"about":[{"href":"https:\/\/www.psc-psoe.es\/index.php\/wp-json\/wp\/v2\/types\/post"}],"author":[{"embeddable":true,"href":"https:\/\/www.psc-psoe.es\/index.php\/wp-json\/wp\/v2\/users\/12"}],"replies":[{"embeddable":true,"href":"https:\/\/www.psc-psoe.es\/index.php\/wp-json\/wp\/v2\/comments?post=10680"}],"version-history":[{"count":1,"href":"https:\/\/www.psc-psoe.es\/index.php\/wp-json\/wp\/v2\/posts\/10680\/revisions"}],"predecessor-version":[{"id":10682,"href":"https:\/\/www.psc-psoe.es\/index.php\/wp-json\/wp\/v2\/posts\/10680\/revisions\/10682"}],"wp:featuredmedia":[{"embeddable":true,"href":"https:\/\/www.psc-psoe.es\/index.php\/wp-json\/wp\/v2\/media\/10681"}],"wp:attachment":[{"href":"https:\/\/www.psc-psoe.es\/index.php\/wp-json\/wp\/v2\/media?parent=10680"}],"wp:term":[{"taxonomy":"category","embeddable":true,"href":"https:\/\/www.psc-psoe.es\/index.php\/wp-json\/wp\/v2\/categories?post=10680"},{"taxonomy":"post_tag","embeddable":true,"href":"https:\/\/www.psc-psoe.es\/index.php\/wp-json\/wp\/v2\/tags?post=10680"}],"curies":[{"name":"wp","href":"https:\/\/api.w.org\/{rel}","templated":true}]}}