{"id":10673,"date":"2025-07-05T16:15:24","date_gmt":"2025-07-05T15:15:24","guid":{"rendered":"https:\/\/www.psc-psoe.es\/?p=10673"},"modified":"2025-07-05T16:15:24","modified_gmt":"2025-07-05T15:15:24","slug":"pedro-casares-defiende-que-el-psoe-sea-contundente-y-ejemplarizante-y-liderar-una-agenda-de-reformas-con-ambicion-de-pais","status":"publish","type":"post","link":"https:\/\/www.psc-psoe.es\/index.php\/2025\/07\/05\/pedro-casares-defiende-que-el-psoe-sea-contundente-y-ejemplarizante-y-liderar-una-agenda-de-reformas-con-ambicion-de-pais\/","title":{"rendered":"Pedro Casares defiende que el PSOE sea \u201ccontundente y ejemplarizante\u201d y liderar una agenda de reformas con ambici\u00f3n de pa\u00eds"},"content":{"rendered":"<p style=\"text-align: justify;\">El secretario general del PSOE de Cantabria, Pedro Casares, ha pedido que el PSOE sea \u201ccontundente y ejemplarizante\u201d. \u201cTenemos que cambiar y liderar una agenda de reformas con ambici\u00f3n de pa\u00eds\u201d, ha expresado.<\/p>\n<p style=\"text-align: justify;\">\u201cPor toda esa gente que nos mira con esperanza. Es tiempo de valent\u00eda, de contundencia y de altura de miras. Es tiempo de unirnos en lo urgente y lo importante, que es el PSOE y el pa\u00eds. O el mejor PSOE para seguir haciendo el mejor pa\u00eds\u201d, ha expresado Casares durante su intervenci\u00f3n.<\/p>\n<p style=\"text-align: justify;\">Para el secretario general de los socialistas c\u00e1ntabros, \u201ces importante seguir gobernado Espa\u00f1a para seguir transformando y mejorando la vida de la gente\u201d.<\/p>\n<p style=\"text-align: justify;\">As\u00ed, Casares ha expresado durante su intervenci\u00f3n en el Comit\u00e9 Federal del PSOE que \u201chay que seguir gobernando para subir el salario m\u00ednimo, para que las pensiones se actualicen conforme al IPC, para que no tengamos miedo a caer enfermos que porque la sanidad p\u00fablica nos cuida, que ning\u00fan padre ni ninguna madre sufran por no poder pagar la educaci\u00f3n de sus hijos, quiero seguir conquistando derechos para los trabajadores y creando empleo como nunca\u201d.<\/p>\n<p style=\"text-align: justify;\">\u201cQuiero que podamos vivir en un pa\u00eds donde no se cuestione la violencia machista, donde las mujeres puedan vivir seguras, donde la gente pueda amar en libertad, donde podamos mirar de frente a la memoria. Y tambi\u00e9n quiero y necesito un pa\u00eds que se tome en serio el problema de la vivienda. La desigualad. Que la juventud nos mire con esperanza. Que no les fallemos. Que seamos valientes\u201d, ha explicado.<\/p>\n<p style=\"text-align: justify;\">Adem\u00e1s, Casares ha se\u00f1alado que \u201chay que seguir gobernando\u201d para aprobar unos nuevos presupuestos generales del estado, la reducci\u00f3n efectiva de la jornada laboral a 37 horas y media y legislar para que Espa\u00f1a est\u00e9 a la vanguardia de la lucha contra la corrupci\u00f3n.<\/p>\n<p style=\"text-align: justify;\"><strong>Dolor, tristeza y asco<\/strong><\/p>\n<p style=\"text-align: justify;\">En este sentido, Casares ha defendido que \u201cCantabria acude a este Comit\u00e9 Federal para construir con lealtad, pero lealtad bien entendida. Apoyamos al secretario general para que haga todos los cambios necesarios. Apoyamos al Presidente del Gobierno para que lidere desde la izquierda la regeneraci\u00f3n pol\u00edtica y democr\u00e1tica en este pa\u00eds\u201d.<\/p>\n<p style=\"text-align: justify;\">Casares ha afirmado que ante los hechos conocidos \u201ccomo militantes, nos sentimos traicionados; como feministas, asqueados. Y como compa\u00f1eros, decepcionados\u201d.<\/p>\n<p style=\"text-align: justify;\">\u201cPero volver nadie nos va a arrebatar jam\u00e1s, y menos la acci\u00f3n de tres corruptos que no han respetado a nada ni a nadie, el orgullo de militar en estas siglas que sentimos a cruzar la puerta de este edificio, que fue la casa de Pablo Iglesias\u201d, ha enfatizado.<\/p>\n<p style=\"text-align: justify;\">As\u00ed, Casares ha recordado que el PSOE \u201ces el partido con m\u00e1s patrimonio pol\u00edtico e intelectual de Espa\u00f1a\u201d, con referentes que van desde la pol\u00edtica municipal como Abel Caballero; pol\u00edtica internacional, como Manuel Mar\u00edn o Pepe Borrell; referentes \u00e9ticos como Gregorio Peces Barba o Demetrio Madrid; feministas, como Carmen Calvo; ecologistas como Cristina Narbona o de la lucha incansable en defensa de la paz, como los socialistas vascos. \u201cEso es el PSOE, el partido m\u00e1s decente de Espa\u00f1a, ha recalcado.<\/p>\n<p style=\"text-align: justify;\"><strong>No somos lo mismo<\/strong><\/p>\n<p style=\"text-align: justify;\">Por \u00faltimo, Pedro Casares ha dicho que \u201caunque no sea suficiente, no somos lo mismo, que no podemos ser lo mismos quienes colaboramos con la justicia que quienes destruyen a martillazos ordenadores; que no es lo mismo quien aparta a los corruptos, que quienes apartan a los que denuncian la corrupci\u00f3n; Que no es lo mismo decir Santos dimite y vete, que decir Luis se fuerte\u201d.<\/p>\n<p style=\"text-align: justify;\">\n","protected":false},"excerpt":{"rendered":"<p>El secretario general del PSOE de Cantabria, Pedro Casares, ha pedido que el PSOE sea \u201ccontundente y ejemplarizante\u201d. \u201cTenemos que cambiar y liderar una agenda de reformas con ambici\u00f3n de pa\u00eds\u201d, ha expresado. \u201cPor toda esa gente que nos mira con esperanza. Es tiempo de valent\u00eda, de contundencia y de altura de miras. Es tiempo [&hellip;]<\/p>\n","protected":false},"author":12,"featured_media":10674,"comment_status":"open","ping_status":"closed","sticky":false,"template":"","format":"standard","meta":{"tdm_status":"","tdm_grid_status":"","footnotes":""},"categories":[14,24,420,25],"tags":[],"class_list":["post-10673","post","type-post","status-publish","format-standard","has-post-thumbnail","hentry","category-notas-de-prensa","category-partido","category-pedro-casares","category-actualidad"],"_links":{"self":[{"href":"https:\/\/www.psc-psoe.es\/index.php\/wp-json\/wp\/v2\/posts\/10673","targetHints":{"allow":["GET"]}}],"collection":[{"href":"https:\/\/www.psc-psoe.es\/index.php\/wp-json\/wp\/v2\/posts"}],"about":[{"href":"https:\/\/www.psc-psoe.es\/index.php\/wp-json\/wp\/v2\/types\/post"}],"author":[{"embeddable":true,"href":"https:\/\/www.psc-psoe.es\/index.php\/wp-json\/wp\/v2\/users\/12"}],"replies":[{"embeddable":true,"href":"https:\/\/www.psc-psoe.es\/index.php\/wp-json\/wp\/v2\/comments?post=10673"}],"version-history":[{"count":1,"href":"https:\/\/www.psc-psoe.es\/index.php\/wp-json\/wp\/v2\/posts\/10673\/revisions"}],"predecessor-version":[{"id":10675,"href":"https:\/\/www.psc-psoe.es\/index.php\/wp-json\/wp\/v2\/posts\/10673\/revisions\/10675"}],"wp:featuredmedia":[{"embeddable":true,"href":"https:\/\/www.psc-psoe.es\/index.php\/wp-json\/wp\/v2\/media\/10674"}],"wp:attachment":[{"href":"https:\/\/www.psc-psoe.es\/index.php\/wp-json\/wp\/v2\/media?parent=10673"}],"wp:term":[{"taxonomy":"category","embeddable":true,"href":"https:\/\/www.psc-psoe.es\/index.php\/wp-json\/wp\/v2\/categories?post=10673"},{"taxonomy":"post_tag","embeddable":true,"href":"https:\/\/www.psc-psoe.es\/index.php\/wp-json\/wp\/v2\/tags?post=10673"}],"curies":[{"name":"wp","href":"https:\/\/api.w.org\/{rel}","templated":true}]}}