{"id":10669,"date":"2025-07-05T10:13:22","date_gmt":"2025-07-05T09:13:22","guid":{"rendered":"https:\/\/www.psc-psoe.es\/?p=10669"},"modified":"2025-07-05T10:14:01","modified_gmt":"2025-07-05T09:14:01","slug":"carmen-gonzalez-caballero-entra-a-formar-parte-de-la-comision-ejecutiva-federal-del-psoe","status":"publish","type":"post","link":"https:\/\/www.psc-psoe.es\/index.php\/2025\/07\/05\/carmen-gonzalez-caballero-entra-a-formar-parte-de-la-comision-ejecutiva-federal-del-psoe\/","title":{"rendered":"Carmen Gonz\u00e1lez Caballero entra a formar parte de la Comisi\u00f3n Ejecutiva Federal del PSOE"},"content":{"rendered":"<p style=\"text-align: justify;\">La secretaria general del PSOE de Santo\u00f1a y secretaria de Justicia y Libertades de la Comisi\u00f3n Ejecutiva Auton\u00f3mica del PSOE de Cantabria, Carmen Gonz\u00e1lez Caballero, va a entrar a formar parte de la Comisi\u00f3n Ejecutiva Federal del PSOE.<\/p>\n<p style=\"text-align: justify;\">Por su parte, la portavoz de la Comisi\u00f3n Ejecutiva Auton\u00f3mica y vicesecretaria general del PSOE de Santander, miembro del Comit\u00e9 Federal, Ainoa Qui\u00f1ones, entra a formar parte de la Comisi\u00f3n Federal de Listas.<\/p>\n<p style=\"text-align: justify;\">Dos incorporaciones que se han producido en la remodelaci\u00f3n que el secretario general del PSOE, Pedro S\u00e1nchez, ha hecho en el Comit\u00e9 Federal para dar un impulso al proyecto socialista.<\/p>\n<p style=\"text-align: justify;\">El secretario general del PSOE de Cantabria, Pedro Casares, ha afirmado que \u201cel socialismo c\u00e1ntabro va a estar perfectamente representado en la direcci\u00f3n federal por dos mujeres feministas, inteligentes, preparadas, valientes y decididas\u201d.<\/p>\n<p style=\"text-align: justify;\">\u201cDos mujeres j\u00f3venes y feministas que representan el presente y el futuro del PSOE en Cantabria y en las que tengo plena confianza por su forma de hacer y de ser socialistas\u201d, ha enfatizado.<\/p>\n<p style=\"text-align: justify;\">Para Casares, \u201cse inicia una nueva etapa en el PSOE, que va a estar marcado por la ejemplaridad y la contundencia frente a la corrupci\u00f3n y tambi\u00e9n frente al machismo\u201d. En ese contexto, a su juicio, \u201cse enmarcan estas dos propuestas que hemos hecho desde la Comisi\u00f3n Ejecutiva Auton\u00f3mica a la Comisi\u00f3n Ejecutiva Federal porque Carmen Gonz\u00e1lez Caballero y Ainoa Qui\u00f1ones representan la integridad, la decencia y la honestidad personal y pol\u00edtica\u201d.<\/p>\n<p style=\"text-align: justify;\">\u201cSer socialista es una forma de vivir y de entender la pol\u00edtica, un ejercicio de honestidad, de dedicaci\u00f3n y de honradez, y un compromiso con los valores de justicia e igualdad que Carmen y Ainoa representan a la perfecci\u00f3n\u201d, ha dicho.<\/p>\n<p style=\"text-align: justify;\">En este sentido, el secretario general del PSOE c\u00e1ntabro ha afirmado que la elecci\u00f3n de Gonz\u00e1lez Caballero para formar parte de la direcci\u00f3n federal socialista \u201ces una apuesta por la juventud, el conocimiento y la capacidad porque Carmen representa los valores socialistas que queremos proyectar para el futuro\u201d.<\/p>\n<p style=\"text-align: justify;\">\u201cPara hacer buena pol\u00edtica hay que ser buena persona, y Carmen representa a la perfecci\u00f3n ese esp\u00edritu de generosidad, de entrega a los dem\u00e1s y esa vocaci\u00f3n de servicio p\u00fablico y de militancia que demuestra cada d\u00eda en su agrupaci\u00f3n o como concejala en el ayuntamiento de Santo\u00f1a\u201d, ha dicho.<\/p>\n<p style=\"text-align: justify;\">Sobre la incorporaci\u00f3n de Qui\u00f1ones a la Comisi\u00f3n Federal de Listas, Casares ha destacado \u201cla plena confianza depositada en ella durante a\u00f1os, su lealtad y compromiso inquebrantable con nuestras siglas y su capacidad para defender las propuestas del PSOE de Cantabria en Madrid\u201d.<\/p>\n<p style=\"text-align: justify;\">Adem\u00e1s, Casares ha explicado que \u201cambas mujeres nacen de la escuela del municipalismo, dos mujeres que saben que la mejor pol\u00edtica se hace a pie de calle, al lado de los problemas de la gente para aportar soluciones, conociendo la realidad de los barrios y municipios para poder hacer propuestas que mejoren la calidad de vida de la gente\u201d.<\/p>\n<p style=\"text-align: justify;\">Casares ha afirmado que \u201cel PSOE va a salir m\u00e1s fortalecido y cre\u00edble\u201d de este proceso de renovaci\u00f3n tras el comit\u00e9 federal \u201cporque los socialistas somos imparables cuando tenemos claro el rumbo, que pasa por la regeneraci\u00f3n democr\u00e1tica, la transparencia y el feminismo\u201d.<\/p>\n<p style=\"text-align: justify;\">Finamente, el secretario general del PSOE de Cantabria, Pedro Casares, ha agradecido a Eugenia G\u00f3mez de Diego haber formado parte estos meses de la Comisi\u00f3n Ejecutiva Federal. \u201cUna compa\u00f1era con la que he compartido valores y proyecto desde las Juventudes Socialistas y que siempre contar\u00e1 con mi cari\u00f1o y respeto\u201d, ha dicho.<\/p>\n<p style=\"text-align: justify;\">\u201cVamos a volver a ser el partido ejemplar y de vanguardia que siempre hemos sido durante estos 146 a\u00f1os de historia\u201d, ha concluido.<\/p>\n<p style=\"text-align: justify;\"><strong>BIOGRAF\u00cdA DE CARMEN GONZ\u00c1LEZ CABALLERO<\/strong><\/p>\n<p style=\"text-align: justify;\">M\u00e1ster en Derecho Privado Patrimonial por la Universidad de Salamanca y la Universidad P\u00fablica de Navarra. M\u00e1ster en Derecho de Familia y Sistemas Hereditarios por la UNED. Licenciada en Derecho por la Universidad de Salamanca. Abogada. Ha sido miembro del Consejo de Administraci\u00f3n de la Oficina de Proyectos Europeos del Gobierno de Cantabria.<\/p>\n<p style=\"text-align: justify;\">Es Secretaria General de la Agrupaci\u00f3n Socialista de Santo\u00f1a y Secretaria de Justicia y Libertades en la Comisi\u00f3n Ejecutiva Auton\u00f3mica del PSOE de Cantabria.<\/p>\n<p style=\"text-align: justify;\">Ha sido Concejala de Econom\u00eda y Hacienda, Servicios y Personal del Ayuntamiento de Santo\u00f1a durante los a\u00f1os 2019-2023, siendo actualmente la Portavoz del Grupo Municipal Socialista en dicho\u00a0Ayuntamiento.<\/p>\n<p style=\"text-align: justify;\"><strong>BIOGRAF\u00cdA DE AINOA QUI\u00d1ONES MONTELLANO<\/strong><\/p>\n<p style=\"text-align: justify;\">Doctora en Econom\u00eda y profesora en el Departamento de Administraci\u00f3n de Empresas en la Universidad de Cantabria. Sus principales l\u00edneas de investigaci\u00f3n son la gesti\u00f3n de la innovaci\u00f3n y la cooperaci\u00f3n en ciencia y tecnolog\u00eda para el desarrollo.<\/p>\n<p style=\"text-align: justify;\">Ha sido delegada del Gobierno en Cantabria de 2020 a 2023, siendo actualmente delegada especial en la Zona Franca de Santander.<\/p>\n<p style=\"text-align: justify;\">Concejala y portavoz adjunta del Grupo Municipal Socialista en el ayuntamiento de Santander desde 2019 a 2020. En las elecciones municipales del 26 de mayo fue la n\u00famero dos de la candidatura municipal y la coordinadora del programa electoral del PSOE para Santander.<\/p>\n<p style=\"text-align: justify;\">En el \u00e1mbito org\u00e1nico, ha sido secretaria de Econom\u00eda y Comunicaci\u00f3n del PSOE de Cantabria desde 2017 a 2021. Actualmente, es la portavoz de la Comisi\u00f3n Ejecutiva Auton\u00f3mica y vicesecretaria general del PSOE de Santander.<\/p>\n<p style=\"text-align: justify;\">\n","protected":false},"excerpt":{"rendered":"<p>La secretaria general del PSOE de Santo\u00f1a y secretaria de Justicia y Libertades de la Comisi\u00f3n Ejecutiva Auton\u00f3mica del PSOE de Cantabria, Carmen Gonz\u00e1lez Caballero, va a entrar a formar parte de la Comisi\u00f3n Ejecutiva Federal del PSOE. Por su parte, la portavoz de la Comisi\u00f3n Ejecutiva Auton\u00f3mica y vicesecretaria general del PSOE de Santander, [&hellip;]<\/p>\n","protected":false},"author":12,"featured_media":10670,"comment_status":"open","ping_status":"closed","sticky":false,"template":"","format":"standard","meta":{"tdm_status":"","tdm_grid_status":"","footnotes":""},"categories":[14,24,420,1,25],"tags":[],"class_list":["post-10669","post","type-post","status-publish","format-standard","has-post-thumbnail","hentry","category-notas-de-prensa","category-partido","category-pedro-casares","category-uncategorized","category-actualidad"],"_links":{"self":[{"href":"https:\/\/www.psc-psoe.es\/index.php\/wp-json\/wp\/v2\/posts\/10669","targetHints":{"allow":["GET"]}}],"collection":[{"href":"https:\/\/www.psc-psoe.es\/index.php\/wp-json\/wp\/v2\/posts"}],"about":[{"href":"https:\/\/www.psc-psoe.es\/index.php\/wp-json\/wp\/v2\/types\/post"}],"author":[{"embeddable":true,"href":"https:\/\/www.psc-psoe.es\/index.php\/wp-json\/wp\/v2\/users\/12"}],"replies":[{"embeddable":true,"href":"https:\/\/www.psc-psoe.es\/index.php\/wp-json\/wp\/v2\/comments?post=10669"}],"version-history":[{"count":1,"href":"https:\/\/www.psc-psoe.es\/index.php\/wp-json\/wp\/v2\/posts\/10669\/revisions"}],"predecessor-version":[{"id":10672,"href":"https:\/\/www.psc-psoe.es\/index.php\/wp-json\/wp\/v2\/posts\/10669\/revisions\/10672"}],"wp:featuredmedia":[{"embeddable":true,"href":"https:\/\/www.psc-psoe.es\/index.php\/wp-json\/wp\/v2\/media\/10670"}],"wp:attachment":[{"href":"https:\/\/www.psc-psoe.es\/index.php\/wp-json\/wp\/v2\/media?parent=10669"}],"wp:term":[{"taxonomy":"category","embeddable":true,"href":"https:\/\/www.psc-psoe.es\/index.php\/wp-json\/wp\/v2\/categories?post=10669"},{"taxonomy":"post_tag","embeddable":true,"href":"https:\/\/www.psc-psoe.es\/index.php\/wp-json\/wp\/v2\/tags?post=10669"}],"curies":[{"name":"wp","href":"https:\/\/api.w.org\/{rel}","templated":true}]}}