{"id":10654,"date":"2025-07-03T14:52:49","date_gmt":"2025-07-03T13:52:49","guid":{"rendered":"https:\/\/www.psc-psoe.es\/?p=10654"},"modified":"2025-07-03T14:52:49","modified_gmt":"2025-07-03T13:52:49","slug":"el-psoe-demanda-una-solucion-urgente-para-la-decepcionante-falta-de-gestion-de-las-terrazas-de-santander","status":"publish","type":"post","link":"https:\/\/www.psc-psoe.es\/index.php\/2025\/07\/03\/el-psoe-demanda-una-solucion-urgente-para-la-decepcionante-falta-de-gestion-de-las-terrazas-de-santander\/","title":{"rendered":"El PSOE demanda una soluci\u00f3n urgente para la \u201cdecepcionante falta de gesti\u00f3n\u201d de las terrazas de Santander"},"content":{"rendered":"<p style=\"font-weight: 400; text-align: justify;\">El Grupo Municipal Socialista demanda una soluci\u00f3n urgente para la \u201cdecepcionante falta de gesti\u00f3n\u201d de las terrazas de Santander, cuya normativa tampoco est\u00e1 lista este verano, como hab\u00eda prometido el equipo de gobierno municipal. As\u00ed define la situaci\u00f3n el secretario general de PSOE de Santander, Daniel Fern\u00e1ndez, quien lamenta que la alcaldesa, Gema Igual, \u201cha renunciado al di\u00e1logo y se ha rendido a la improvisaci\u00f3n\u201d.<\/p>\n<p style=\"font-weight: 400; text-align: justify;\">El portavoz socialista, Daniel Fern\u00e1ndez, advierte de las palabras de la regidora en el programa \u201cHoy Por Hoy\u201d de Radio Santander, donde no aclara \u201cni cu\u00e1ndo\u201d estar\u00e1 disponible la nueva ordenanza \u201cni cu\u00e1l ser\u00e1 la regulaci\u00f3n\u201d, mientras los vecinos de Santander \u201csufren un verano m\u00e1s su desgobierno\u201d.<\/p>\n<p style=\"font-weight: 400; text-align: justify;\">Los socialistas santanderinos solicitan nuevamente la regulaci\u00f3n de los horarios de las terrazas hosteleras y que el Ayuntamiento atienda las reclamaciones de los vecinos, quienes piden respeto para los horarios de descanso. Fern\u00e1ndez recalca que esta ocupaci\u00f3n del espacio urbano p\u00fablico hasta altas horas de la madrugada es parte de la \u201cestrategia privatizadora\u201d del gobierno del Partido Popular.<\/p>\n<p style=\"font-weight: 400; text-align: justify;\">Asimismo, el l\u00edder de los socialistas santanderinos vuelve a pedir una mesa de trabajo en la que est\u00e9n representadas todas las partes implicadas: asociaciones de vecinos, asociaciones hosteleras, t\u00e9cnicos municipales y grupos pol\u00edticos. Esta medida busca impulsar el di\u00e1logo con la ciudadan\u00eda en uno de los asuntos que m\u00e1s preocupan a los santanderinos y \u201cde una vez ponga orden a la noche de Santander\u201d, reclama Fern\u00e1ndez. Y termina se\u00f1alando que, una vez m\u00e1s, Gema Igual demuestra que \u201cEl \u00fanico modelo del PP es llenar las calles de terrazas y vaciar de vecinos los barrios.\u201d<\/p>\n","protected":false},"excerpt":{"rendered":"<p>El Grupo Municipal Socialista demanda una soluci\u00f3n urgente para la \u201cdecepcionante falta de gesti\u00f3n\u201d de las terrazas de Santander, cuya normativa tampoco est\u00e1 lista este verano, como hab\u00eda prometido el equipo de gobierno municipal. As\u00ed define la situaci\u00f3n el secretario general de PSOE de Santander, Daniel Fern\u00e1ndez, quien lamenta que la alcaldesa, Gema Igual, \u201cha [&hellip;]<\/p>\n","protected":false},"author":12,"featured_media":10442,"comment_status":"open","ping_status":"closed","sticky":false,"template":"","format":"standard","meta":{"tdm_status":"","tdm_grid_status":"","footnotes":""},"categories":[20,16,55,6],"tags":[],"class_list":["post-10654","post","type-post","status-publish","format-standard","has-post-thumbnail","hentry","category-santander","category-noticias-santander","category-arco-de-la-bahia","category-agrupaciones"],"_links":{"self":[{"href":"https:\/\/www.psc-psoe.es\/index.php\/wp-json\/wp\/v2\/posts\/10654","targetHints":{"allow":["GET"]}}],"collection":[{"href":"https:\/\/www.psc-psoe.es\/index.php\/wp-json\/wp\/v2\/posts"}],"about":[{"href":"https:\/\/www.psc-psoe.es\/index.php\/wp-json\/wp\/v2\/types\/post"}],"author":[{"embeddable":true,"href":"https:\/\/www.psc-psoe.es\/index.php\/wp-json\/wp\/v2\/users\/12"}],"replies":[{"embeddable":true,"href":"https:\/\/www.psc-psoe.es\/index.php\/wp-json\/wp\/v2\/comments?post=10654"}],"version-history":[{"count":1,"href":"https:\/\/www.psc-psoe.es\/index.php\/wp-json\/wp\/v2\/posts\/10654\/revisions"}],"predecessor-version":[{"id":10655,"href":"https:\/\/www.psc-psoe.es\/index.php\/wp-json\/wp\/v2\/posts\/10654\/revisions\/10655"}],"wp:featuredmedia":[{"embeddable":true,"href":"https:\/\/www.psc-psoe.es\/index.php\/wp-json\/wp\/v2\/media\/10442"}],"wp:attachment":[{"href":"https:\/\/www.psc-psoe.es\/index.php\/wp-json\/wp\/v2\/media?parent=10654"}],"wp:term":[{"taxonomy":"category","embeddable":true,"href":"https:\/\/www.psc-psoe.es\/index.php\/wp-json\/wp\/v2\/categories?post=10654"},{"taxonomy":"post_tag","embeddable":true,"href":"https:\/\/www.psc-psoe.es\/index.php\/wp-json\/wp\/v2\/tags?post=10654"}],"curies":[{"name":"wp","href":"https:\/\/api.w.org\/{rel}","templated":true}]}}