{"id":10600,"date":"2025-06-17T11:51:14","date_gmt":"2025-06-17T10:51:14","guid":{"rendered":"https:\/\/www.psc-psoe.es\/?p=10600"},"modified":"2025-06-17T11:51:14","modified_gmt":"2025-06-17T10:51:14","slug":"el-psoe-de-cantabria-constituye-el-consejo-de-igualdad","status":"publish","type":"post","link":"https:\/\/www.psc-psoe.es\/index.php\/2025\/06\/17\/el-psoe-de-cantabria-constituye-el-consejo-de-igualdad\/","title":{"rendered":"El PSOE de Cantabria constituye el Consejo de Igualdad"},"content":{"rendered":"<p style=\"font-weight: 400; text-align: justify;\">El PSOE de Cantabria ha puesto en marcha el Consejo de Igualdad. Con su creaci\u00f3n, es la primera vez que los socialistas c\u00e1ntabros cuentan con un \u00f3rgano de participaci\u00f3n en el que debatir sobre las pol\u00edticas de igualdad \u201ccon el objetivo de impregnar todas las pol\u00edticas socialistas\u201d.<\/p>\n<p style=\"font-weight: 400; text-align: justify;\">El Consejo de Igualdad se ha constituido como \u201cun \u00f3rgano de car\u00e1cter consultivo, de asesoramiento, elaboraci\u00f3n de propuestas y de impulso pol\u00edtico en materia de igualdad entre mujeres y hombres, \u201cadscrito org\u00e1nicamente a la Comisi\u00f3n Ejecutiva Auton\u00f3mica del PSOE de Cantabria a trav\u00e9s de la secretar\u00eda de Igualdad\u201d.<\/p>\n<p style=\"font-weight: 400; text-align: justify;\">El secretario general del PSOE de Cantabria, Pedro Casares, ha afirmado que con la creaci\u00f3n de este Consejo de Igualdad \u201cqueremos poner a la igualdad en el eje central de toda nuestra acci\u00f3n pol\u00edtica\u201d. \u201cNo se puede ser socialista sin ser feminista, por eso hemos creado este \u00f3rgano participativo para tomar decisiones y abordar desde una perspectiva igualitaria la hoja de ruta que nos marcamos para los pr\u00f3ximos a\u00f1os\u201d, ha se\u00f1alado.<\/p>\n<p style=\"font-weight: 400; text-align: justify;\">Para Casares, con su puesta en marcha, los socialistas c\u00e1ntabros \u201cconsolidamos un compromiso que atraviesa nuestra identidad: la igualdad entre mujeres y hombres como principio, como gu\u00eda y como horizonte\u201d.<\/p>\n<p style=\"font-weight: 400; text-align: justify;\">\u201cA\u00fan en la actualidad persisten brechas de desigualdad entre mujeres y hombres que debemos combatir con pol\u00edticas ambiciosas que no solo nos equiparen en derechos, sino tambi\u00e9n en oportunidades para hacerlos efectivos y que la igualdad sea plena y sea real\u201d, ha afirmado.<\/p>\n<p style=\"font-weight: 400; text-align: justify;\">Por su parte, la secretaria de Igualdad y presidenta del Consejo de Igualdad, Raquel Fern\u00e1ndez, ha destacado que \u201cdamos un paso adelante en la historia de nuestro partido en Cantabria\u201d<\/p>\n<p style=\"font-weight: 400; text-align: justify;\">\u201cEste paso no nace de la nada. Caminamos sobre las huellas firmes de mujeres que nos abrieron camino cuando ni siquiera se reconoc\u00eda su voz\u201d, ha enfatizado.<\/p>\n<p style=\"font-weight: 400; text-align: justify;\">En este sentido, durante la primera reuni\u00f3n de este Consejo de Igualdad, Fern\u00e1ndez ha recordado que \u201cClara Campoamor, con su lucha incansable por el voto femenino, defendi\u00f3 en solitario en 1931 que las mujeres no pod\u00edan esperar m\u00e1s, que la democracia no era completa sin nosotras. Su valent\u00eda nos recuerda que la igualdad no se regala: se conquista\u201d.<\/p>\n<p style=\"font-weight: 400; text-align: justify;\">\u201cY si hay un nombre que nos interpela de manera directa, es el de Matilde de la Torre. Feminista, escritora, diputada socialista, republicana. Una c\u00e1ntabra que rompi\u00f3 moldes, que llev\u00f3 la voz de las mujeres trabajadoras al Congreso, que defendi\u00f3 el laicismo, la educaci\u00f3n y la justicia social cuando hacerlo implicaba jugarse la libertad y la vida. No es casualidad que nuestra Fundaci\u00f3n lleve su nombre. Es una elecci\u00f3n de memoria y de futuro. Matilde representa lo mejor del socialismo comprometido con la igualdad, en los tiempos m\u00e1s oscuros\u201d, ha expresado Fern\u00e1ndez.<\/p>\n<p style=\"font-weight: 400; text-align: justify;\">Fern\u00e1ndez ha dicho que el Consejo de Igualdad \u201cnace para que la igualdad entre mujeres y hombres sea una realidad estructural en el partido y en Cantabria. Para impregnarla en nuestras pol\u00edticas, en nuestras listas, en nuestros presupuestos, en nuestro lenguaje y en nuestras alianzas\u201d.<\/p>\n<p style=\"font-weight: 400; text-align: justify;\">\u201cPorque la igualdad no es s\u00f3lo una bandera. Es una herramienta para corregir injusticias, redistribuir oportunidades, democratizar los cuidados, erradicar violencias y garantizar vidas dignas\u201d, ha destacado la responsable de pol\u00edticas de Igualdad de la Comisi\u00f3n Ejecutiva Auton\u00f3mica.<\/p>\n<p style=\"font-weight: 400; text-align: justify;\">Asimismo, Fern\u00e1ndez ha se\u00f1alado que \u201cno hay justicia social si no combatimos la desigualdad que atraviesa cada esfera de la vida: el empleo, la vivienda, la salud, la pol\u00edtica, la cultura, la representaci\u00f3n\u201d, y por ello, \u201ceste Consejo ser\u00e1 tambi\u00e9n un \u00f3rgano de vigilancia, de propuesta y de acci\u00f3n\u201d.<\/p>\n<p style=\"font-weight: 400; text-align: justify;\">\u201cQueremos ser una herramienta \u00fatil para las agrupaciones, para la militancia, para el movimiento feminista c\u00e1ntabro. Vamos a escuchar, a tejer, a coordinar. Vamos a situar la igualdad en el centro del proyecto socialista, como exige nuestro tiempo\u201d, ha explicado.<\/p>\n<p style=\"font-weight: 400; text-align: justify;\">Frente a la ola reaccionaria de la extrema derecha, ha dicho Raquel Fern\u00e1ndez, \u201cen el PSOE respondemos con m\u00e1s igualdad, m\u00e1s feminismo, m\u00e1s partido\u201d. \u201cNos enfrentamos a tiempos dif\u00edciles. A discursos que niegan derechos, que banalizan las violencias, que pretenden retroceder d\u00e9cadas de avances\u201d, ha dicho.<\/p>\n<p style=\"font-weight: 400; text-align: justify;\">Finalmente, el Consejo est\u00e1 formado por la secretaria de Igualdad, Raquel Fern\u00e1ndez, como presidenta; la secretaria de Igualdad de la agrupaci\u00f3n de Santander y secretaria LGTBI+ del PSOE de Cantabria, Luc\u00eda Corredera, como secretaria; todas las responsables de pol\u00edticas de Igualdad de las agrupaciones locales y de Juventudes Socialistas de Cantabria, as\u00ed como las concejalas con competencias en materia de igualdad y las responsables institucionales como la portavoz en materia de igualdad en el Parlamento de Cantabria. Un Consejo abierto tambi\u00e9n a la participaci\u00f3n de la militancia y de organizaciones que trabajan en defensa de la igualdad.<\/p>\n","protected":false},"excerpt":{"rendered":"<p>El PSOE de Cantabria ha puesto en marcha el Consejo de Igualdad. Con su creaci\u00f3n, es la primera vez que los socialistas c\u00e1ntabros cuentan con un \u00f3rgano de participaci\u00f3n en el que debatir sobre las pol\u00edticas de igualdad \u201ccon el objetivo de impregnar todas las pol\u00edticas socialistas\u201d. El Consejo de Igualdad se ha constituido como [&hellip;]<\/p>\n","protected":false},"author":12,"featured_media":10601,"comment_status":"open","ping_status":"closed","sticky":false,"template":"","format":"standard","meta":{"tdm_status":"","tdm_grid_status":"","footnotes":""},"categories":[14,24,420,25],"tags":[],"class_list":["post-10600","post","type-post","status-publish","format-standard","has-post-thumbnail","hentry","category-notas-de-prensa","category-partido","category-pedro-casares","category-actualidad"],"_links":{"self":[{"href":"https:\/\/www.psc-psoe.es\/index.php\/wp-json\/wp\/v2\/posts\/10600","targetHints":{"allow":["GET"]}}],"collection":[{"href":"https:\/\/www.psc-psoe.es\/index.php\/wp-json\/wp\/v2\/posts"}],"about":[{"href":"https:\/\/www.psc-psoe.es\/index.php\/wp-json\/wp\/v2\/types\/post"}],"author":[{"embeddable":true,"href":"https:\/\/www.psc-psoe.es\/index.php\/wp-json\/wp\/v2\/users\/12"}],"replies":[{"embeddable":true,"href":"https:\/\/www.psc-psoe.es\/index.php\/wp-json\/wp\/v2\/comments?post=10600"}],"version-history":[{"count":1,"href":"https:\/\/www.psc-psoe.es\/index.php\/wp-json\/wp\/v2\/posts\/10600\/revisions"}],"predecessor-version":[{"id":10602,"href":"https:\/\/www.psc-psoe.es\/index.php\/wp-json\/wp\/v2\/posts\/10600\/revisions\/10602"}],"wp:featuredmedia":[{"embeddable":true,"href":"https:\/\/www.psc-psoe.es\/index.php\/wp-json\/wp\/v2\/media\/10601"}],"wp:attachment":[{"href":"https:\/\/www.psc-psoe.es\/index.php\/wp-json\/wp\/v2\/media?parent=10600"}],"wp:term":[{"taxonomy":"category","embeddable":true,"href":"https:\/\/www.psc-psoe.es\/index.php\/wp-json\/wp\/v2\/categories?post=10600"},{"taxonomy":"post_tag","embeddable":true,"href":"https:\/\/www.psc-psoe.es\/index.php\/wp-json\/wp\/v2\/tags?post=10600"}],"curies":[{"name":"wp","href":"https:\/\/api.w.org\/{rel}","templated":true}]}}