{"id":10592,"date":"2025-06-16T17:28:35","date_gmt":"2025-06-16T16:28:35","guid":{"rendered":"https:\/\/www.psc-psoe.es\/?p=10592"},"modified":"2025-06-16T17:28:35","modified_gmt":"2025-06-16T16:28:35","slug":"daniel-fernandez-denuncia-el-abandono-institucional-del-pp-al-barrio-de-polio","status":"publish","type":"post","link":"https:\/\/www.psc-psoe.es\/index.php\/2025\/06\/16\/daniel-fernandez-denuncia-el-abandono-institucional-del-pp-al-barrio-de-polio\/","title":{"rendered":"Daniel Fern\u00e1ndez denuncia el abandono institucional del PP al barrio de Polio"},"content":{"rendered":"<p style=\"font-weight: 400;\">El portavoz del Grupo Municipal Socialista en el Ayuntamiento de Santander, Daniel Fern\u00e1ndez, ha denunciado este mi\u00e9rcoles el \u201cabandono institucional\u201d que sufre el barrio de Polio, tras una reuni\u00f3n convocada por los propios vecinos y vecinas de la zona.<\/p>\n<p style=\"font-weight: 400;\">Fern\u00e1ndez ha explicado que los residentes han trasladado varias quejas al PSOE sobre el estado del entorno. La primera, una demanda hist\u00f3rica: la instalaci\u00f3n de una rampa mec\u00e1nica en una calle de fuerte pendiente que conecta General D\u00e1vila con Los Castros. \u201cNo es razonable que en pleno 2025 tengamos barrios del centro de Santander donde las personas mayores no pueden moverse con autonom\u00eda por una pendiente imposible. La Bajada de Polio necesita una rampa mec\u00e1nica ya\u201d, ha se\u00f1alado.<\/p>\n<p style=\"font-weight: 400;\">Adem\u00e1s, ha alertado de la inseguridad vial provocada por pasos de cebra mal ubicados, que en algunos tramos impiden a los conductores ver a los peatones a tiempo. \u201cEl Ayuntamiento debe actuar antes de que tengamos que lamentar un accidente\u201d, ha advertido.<\/p>\n<p style=\"font-weight: 400;\">El portavoz socialista tambi\u00e9n ha recogido la demanda vecinal de instalar bancos en la cuesta para facilitar el descanso de las personas mayores, as\u00ed como mejorar la limpieza de la zona, denunciando el mal estado de los contenedores y la escasez de papeleras para recoger excrementos caninos, que con frecuencia acaban en el suelo.<\/p>\n<p style=\"font-weight: 400;\">\u201cContenedores sucios, pocas papeleras y excrementos en las aceras: esto no es solo una cuesti\u00f3n est\u00e9tica, es una falta de respeto a quienes viven aqu\u00ed cada d\u00eda\u201d, ha a\u00f1adido.<\/p>\n<p style=\"font-weight: 400;\">Fern\u00e1ndez ha lamentado que los vecinos \u201ctengan la sensaci\u00f3n de que, si ellos no van al Ayuntamiento a reclamar, el Ayuntamiento nunca va a ellos\u201d. Una situaci\u00f3n que, en sus palabras, \u201calimenta la desafecci\u00f3n ciudadana y demuestra que el PP gobierna de espaldas a los barrios\u201d.<\/p>\n<p style=\"font-weight: 400;\">\u201cPolio simboliza el abandono institucional del PP: vecinos que envejecen en cuestas sin accesibilidad, sin limpieza, sin mobiliario urbano y sin ser escuchados\u201d, ha concluido el portavoz socialista, reclamando al equipo de Gobierno \u201cmenos propaganda y m\u00e1s presencia real en los ba<\/p>\n","protected":false},"excerpt":{"rendered":"<p>El portavoz del Grupo Municipal Socialista en el Ayuntamiento de Santander, Daniel Fern\u00e1ndez, ha denunciado este mi\u00e9rcoles el \u201cabandono institucional\u201d que sufre el barrio de Polio, tras una reuni\u00f3n convocada por los propios vecinos y vecinas de la zona. Fern\u00e1ndez ha explicado que los residentes han trasladado varias quejas al PSOE sobre el estado del [&hellip;]<\/p>\n","protected":false},"author":12,"featured_media":10593,"comment_status":"open","ping_status":"closed","sticky":false,"template":"","format":"standard","meta":{"tdm_status":"","tdm_grid_status":"","footnotes":""},"categories":[20,16,55],"tags":[],"class_list":["post-10592","post","type-post","status-publish","format-standard","has-post-thumbnail","hentry","category-santander","category-noticias-santander","category-arco-de-la-bahia"],"_links":{"self":[{"href":"https:\/\/www.psc-psoe.es\/index.php\/wp-json\/wp\/v2\/posts\/10592","targetHints":{"allow":["GET"]}}],"collection":[{"href":"https:\/\/www.psc-psoe.es\/index.php\/wp-json\/wp\/v2\/posts"}],"about":[{"href":"https:\/\/www.psc-psoe.es\/index.php\/wp-json\/wp\/v2\/types\/post"}],"author":[{"embeddable":true,"href":"https:\/\/www.psc-psoe.es\/index.php\/wp-json\/wp\/v2\/users\/12"}],"replies":[{"embeddable":true,"href":"https:\/\/www.psc-psoe.es\/index.php\/wp-json\/wp\/v2\/comments?post=10592"}],"version-history":[{"count":1,"href":"https:\/\/www.psc-psoe.es\/index.php\/wp-json\/wp\/v2\/posts\/10592\/revisions"}],"predecessor-version":[{"id":10594,"href":"https:\/\/www.psc-psoe.es\/index.php\/wp-json\/wp\/v2\/posts\/10592\/revisions\/10594"}],"wp:featuredmedia":[{"embeddable":true,"href":"https:\/\/www.psc-psoe.es\/index.php\/wp-json\/wp\/v2\/media\/10593"}],"wp:attachment":[{"href":"https:\/\/www.psc-psoe.es\/index.php\/wp-json\/wp\/v2\/media?parent=10592"}],"wp:term":[{"taxonomy":"category","embeddable":true,"href":"https:\/\/www.psc-psoe.es\/index.php\/wp-json\/wp\/v2\/categories?post=10592"},{"taxonomy":"post_tag","embeddable":true,"href":"https:\/\/www.psc-psoe.es\/index.php\/wp-json\/wp\/v2\/tags?post=10592"}],"curies":[{"name":"wp","href":"https:\/\/api.w.org\/{rel}","templated":true}]}}