{"id":1057,"date":"2017-11-19T14:45:47","date_gmt":"2017-11-19T13:45:47","guid":{"rendered":"http:\/\/psc-psoe.es\/?p=1057"},"modified":"2019-01-03T10:47:11","modified_gmt":"2019-01-03T09:47:11","slug":"pablo-zuloaga-asiste-a-la-xiii-feria-de-la-alubia-y-la-hortaliza-de-casar-de-periedo","status":"publish","type":"post","link":"https:\/\/www.psc-psoe.es\/index.php\/2017\/11\/19\/pablo-zuloaga-asiste-a-la-xiii-feria-de-la-alubia-y-la-hortaliza-de-casar-de-periedo\/","title":{"rendered":"Pablo Zuloaga asiste a la XIII Feria de la Alubia y la Hortaliza de Casar de Periedo"},"content":{"rendered":"<p>El secretario general del PSOE de Cantabria, Pablo Zuloaga, ha asistido este domingo, 19 de noviembre, a la XIII Feria de la Alubia y la Hortaliza de Casar de Periedo, en el municipio de Cabez\u00f3n de la Sal.<\/p>\n<p>Zuloaga, que recuerda que la idea naci\u00f3 en 2005 para promocionar los productos de esta comarca de Cantabria, asegura que la feria \u201cse ha consolidado en estos trece a\u00f1os como una cita ineludible del calendario para reconocer las tradiciones y la gastronom\u00eda de nuestra regi\u00f3n\u201d.<\/p>\n<p>\u201cUn a\u00f1o m\u00e1s la Feria de la Alubia demuestra que los c\u00e1ntabros sabemos disfrutar de la gastronom\u00eda y somos fieles a las costumbres y tradiciones que nos hacen \u00fanicos\u201d ha enfatizado, a la vez que ha puesto en valor esta fiesta de Inter\u00e9s Tur\u00edstico Regional \u201ccomo una buena ocasi\u00f3n para reconocer nuestras costumbres y ponerlas en valor\u201d.<\/p>\n<p>En su primera visita a la feria como secretario general de los socialistas c\u00e1ntabros, Zuloaga ha participado acompa\u00f1ado del nuevo secretario general del PSOE de Cabez\u00f3n de la Sal, Javier Guti\u00e9rrez, as\u00ed como la ex alcaldesa del municipio y actual directora general de Innovaci\u00f3n y centros educativos del Gobierno, Isabel Fern\u00e1ndez, y el director general de Juventud y Cooperaci\u00f3n, Jorge Guti\u00e9rrez.<\/p>\n<p>Tambi\u00e9n le han acompa\u00f1ado Juan Jos\u00e9 S\u00e1nchez Asensio, secretario de Ganader\u00eda; y Ana Via\u00f1a, secretaria comarcal de la zona del Saja del PSOE de Cantabria. <\/p>\n","protected":false},"excerpt":{"rendered":"<p>El secretario general del PSOE de Cantabria, Pablo Zuloaga, ha asistido este domingo, 19 de noviembre, a la XIII Feria de la Alubia y la Hortaliza de Casar de Periedo, en el municipio de Cabez\u00f3n de la Sal. Zuloaga, que recuerda que la idea naci\u00f3 en 2005 para promocionar los productos de esta comarca de [&hellip;]<\/p>\n","protected":false},"author":2,"featured_media":1058,"comment_status":"open","ping_status":"open","sticky":false,"template":"","format":"standard","meta":{"tdm_status":"","tdm_grid_status":"","footnotes":""},"categories":[24],"tags":[],"class_list":["post-1057","post","type-post","status-publish","format-standard","has-post-thumbnail","hentry","category-partido"],"_links":{"self":[{"href":"https:\/\/www.psc-psoe.es\/index.php\/wp-json\/wp\/v2\/posts\/1057","targetHints":{"allow":["GET"]}}],"collection":[{"href":"https:\/\/www.psc-psoe.es\/index.php\/wp-json\/wp\/v2\/posts"}],"about":[{"href":"https:\/\/www.psc-psoe.es\/index.php\/wp-json\/wp\/v2\/types\/post"}],"author":[{"embeddable":true,"href":"https:\/\/www.psc-psoe.es\/index.php\/wp-json\/wp\/v2\/users\/2"}],"replies":[{"embeddable":true,"href":"https:\/\/www.psc-psoe.es\/index.php\/wp-json\/wp\/v2\/comments?post=1057"}],"version-history":[{"count":0,"href":"https:\/\/www.psc-psoe.es\/index.php\/wp-json\/wp\/v2\/posts\/1057\/revisions"}],"wp:featuredmedia":[{"embeddable":true,"href":"https:\/\/www.psc-psoe.es\/index.php\/wp-json\/wp\/v2\/media\/1058"}],"wp:attachment":[{"href":"https:\/\/www.psc-psoe.es\/index.php\/wp-json\/wp\/v2\/media?parent=1057"}],"wp:term":[{"taxonomy":"category","embeddable":true,"href":"https:\/\/www.psc-psoe.es\/index.php\/wp-json\/wp\/v2\/categories?post=1057"},{"taxonomy":"post_tag","embeddable":true,"href":"https:\/\/www.psc-psoe.es\/index.php\/wp-json\/wp\/v2\/tags?post=1057"}],"curies":[{"name":"wp","href":"https:\/\/api.w.org\/{rel}","templated":true}]}}