{"id":10562,"date":"2025-06-12T10:12:13","date_gmt":"2025-06-12T09:12:13","guid":{"rendered":"https:\/\/www.psc-psoe.es\/?p=10562"},"modified":"2025-06-12T10:12:13","modified_gmt":"2025-06-12T09:12:13","slug":"daniel-fernandez-reivindica-que-solo-las-inversiones-del-gobierno-de-pedro-sanchez-y-del-psoe-mejoran-santander","status":"publish","type":"post","link":"https:\/\/www.psc-psoe.es\/index.php\/2025\/06\/12\/daniel-fernandez-reivindica-que-solo-las-inversiones-del-gobierno-de-pedro-sanchez-y-del-psoe-mejoran-santander\/","title":{"rendered":"Daniel Fern\u00e1ndez reivindica que solo las inversiones del Gobierno de Pedro S\u00e1nchez y del PSOE mejoran Santander"},"content":{"rendered":"<p style=\"font-weight: 400; text-align: justify;\">El secretario general del PSOE de Santander y portavoz municipal, Daniel Fern\u00e1ndez, ha reivindicado que solo las inversiones del Gobierno de Pedro S\u00e1nchez y del PSOE mejoran Santander.<\/p>\n<p style=\"font-weight: 400; text-align: justify;\">\u201cHoy empieza un proyecto que es un antes y un despu\u00e9s para Santander y su transformaci\u00f3n, mejorando una zona como Castilla Hermida, y la punta de lanza del shock de modernidad que reclamamos y que solo ha llegado a nuestra ciudad con el Gobierno de Pedro S\u00e1nchez\u201d, ha dicho.<\/p>\n<p style=\"font-weight: 400; text-align: justify;\">As\u00ed lo ha expresado Fern\u00e1ndez durante la reuni\u00f3n de la Comisi\u00f3n Ejecutiva Municipal celebrada esta tarde, \u201cel mejor d\u00eda para poner en valor y reivindicar que son las inversiones y proyectos del Gobierno de Pedro S\u00e1nchez y del PSOE los que quieren mejoran Santander.<\/p>\n<p style=\"font-weight: 400; text-align: justify;\">Fern\u00e1ndez ha se\u00f1alado que \u201ces buena noticia\u201d que, por primera vez en 20 a\u00f1os, \u201cun gobierno de Espa\u00f1a desatasca un problema que el Partido Popular ni en la ciudad ni en el gobierno de Cantabria, ni en el gobierno de Espa\u00f1a habr\u00edan sabido darle soluci\u00f3n\u201d.<\/p>\n<p style=\"font-weight: 400; text-align: justify;\">\u201cEste proyecto ve la luz gracias a Pedro S\u00e1nchez, al ministro \u00d3scar Puente y al secretario general del PSOE de Cantabria, Pedro Casares, que siempre ha defendido la necesidad de este proyecto estrat\u00e9gico para la transformaci\u00f3n de la ciudad\u201d, ha enfatizado.<\/p>\n<p style=\"font-weight: 400; text-align: justify;\">Para Fern\u00e1ndez, \u201cestos 70 millones de euros para la reordenaci\u00f3n ferroviaria son \u00edntegramente abonados por ADIF y el Gobierno de Espa\u00f1a, por lo que las cr\u00edticas de deslealtad institucional de Gema Igual son infundadas y carecen de sentido\u201d.<\/p>\n<p style=\"font-weight: 400; text-align: justify;\">\u201cSon el Gobierno de Espa\u00f1a y el PSOE quienes tienen que poner en valor estas inversiones como se ha hecho en el d\u00eda de hoy porque, si no, pasa lo que quiere que pase el PP, que es jugar a la ceremonia de la confusi\u00f3n y que parezca que son obras y proyectos suyos\u201d, ha explicado el l\u00edder de los socialistas santanderinos.<\/p>\n<p style=\"font-weight: 400; text-align: justify;\">As\u00ed, ha recordado que la alcaldesa anuncia y expone inversiones, obras y proyectos de inversi\u00f3n estatal \u201cque ella no pone ni un euro como ejemplo el plan de humanizaci\u00f3n de la N-621 y N- 623 de Ojaiz y Pe\u00f1acastillo a Valdecilla, y que se apropia cuando es una obra \u00fanica y exclusivamente del gobierno de Espa\u00f1a con m\u00e1s de 12 millones de euros inversi\u00f3n\u201d<\/p>\n<p style=\"font-weight: 400; text-align: justify;\">Durante la reuni\u00f3n de la Ejecutiva Municipal del PSOE santanderino, Fern\u00e1ndez ha recordado que \u201ctodos los proyectos e inversiones que est\u00e1n hoy en marcha en Santander \u00fanicamente son del gobierno de Espa\u00f1a\u201d.<\/p>\n<p style=\"font-weight: 400; text-align: justify;\">\u201cLo vemos en la inauguraci\u00f3n de las naves de Gamazo para la albergar la fundaci\u00f3n ENAIRE. Lo vemos en la rehabilitaci\u00f3n de Biblioteca Men\u00e9ndez Pelayo, en las inversiones y en la aportaci\u00f3n que el gobierno de Espa\u00f1a, a trav\u00e9s del ministerio de Vivienda ha hecho para la inauguraci\u00f3n de la biblioteca municipal o en la rehabilitaci\u00f3n de viviendas en el Barrio Obrero o en las antiguas viviendas de la Renfe, en Cajo\u201d.<\/p>\n<p style=\"font-weight: 400; text-align: justify;\">Tambi\u00e9n, en todas las inversiones y mejoras de infraestructuras en el puerto de Santander o la reciente inauguraci\u00f3n hace dos a\u00f1os del nuevo acceso al puerto de Santander.<\/p>\n<p style=\"font-weight: 400; text-align: justify;\">Finalmente, Daniel Fern\u00e1ndez ha reivindicado tambi\u00e9n la llegada de la sede asociada del Reina Sof\u00eda o los 22 millones de euros del Gobierno de Espa\u00f1a para la construcci\u00f3n del MUPAC \u201ctras 15 a\u00f1os de anuncios y promesas incumplidas del Partido Popular\u201d.<\/p>\n<p style=\"font-weight: 400; text-align: justify;\">\u201cTodo lo que avanza en Cantabria y en Santander lo hace de la mano de Pedro S\u00e1nchez, al que Gema Igual deber\u00eda estar agradecida porque gracias a las inversiones del Gobierno de Espa\u00f1a \u201chay proyectos y obras en la ciudad\u201d. \u201cNunca se ha invertido tanto en Santander como ahora por parte del Gobierno de Espa\u00f1a\u201d, ha concluido.<\/p>\n<p style=\"text-align: justify;\">\n","protected":false},"excerpt":{"rendered":"<p>El secretario general del PSOE de Santander y portavoz municipal, Daniel Fern\u00e1ndez, ha reivindicado que solo las inversiones del Gobierno de Pedro S\u00e1nchez y del PSOE mejoran Santander. \u201cHoy empieza un proyecto que es un antes y un despu\u00e9s para Santander y su transformaci\u00f3n, mejorando una zona como Castilla Hermida, y la punta de lanza [&hellip;]<\/p>\n","protected":false},"author":12,"featured_media":10563,"comment_status":"open","ping_status":"closed","sticky":false,"template":"","format":"standard","meta":{"tdm_status":"","tdm_grid_status":"","footnotes":""},"categories":[20,16,55],"tags":[],"class_list":["post-10562","post","type-post","status-publish","format-standard","has-post-thumbnail","hentry","category-santander","category-noticias-santander","category-arco-de-la-bahia"],"_links":{"self":[{"href":"https:\/\/www.psc-psoe.es\/index.php\/wp-json\/wp\/v2\/posts\/10562","targetHints":{"allow":["GET"]}}],"collection":[{"href":"https:\/\/www.psc-psoe.es\/index.php\/wp-json\/wp\/v2\/posts"}],"about":[{"href":"https:\/\/www.psc-psoe.es\/index.php\/wp-json\/wp\/v2\/types\/post"}],"author":[{"embeddable":true,"href":"https:\/\/www.psc-psoe.es\/index.php\/wp-json\/wp\/v2\/users\/12"}],"replies":[{"embeddable":true,"href":"https:\/\/www.psc-psoe.es\/index.php\/wp-json\/wp\/v2\/comments?post=10562"}],"version-history":[{"count":1,"href":"https:\/\/www.psc-psoe.es\/index.php\/wp-json\/wp\/v2\/posts\/10562\/revisions"}],"predecessor-version":[{"id":10564,"href":"https:\/\/www.psc-psoe.es\/index.php\/wp-json\/wp\/v2\/posts\/10562\/revisions\/10564"}],"wp:featuredmedia":[{"embeddable":true,"href":"https:\/\/www.psc-psoe.es\/index.php\/wp-json\/wp\/v2\/media\/10563"}],"wp:attachment":[{"href":"https:\/\/www.psc-psoe.es\/index.php\/wp-json\/wp\/v2\/media?parent=10562"}],"wp:term":[{"taxonomy":"category","embeddable":true,"href":"https:\/\/www.psc-psoe.es\/index.php\/wp-json\/wp\/v2\/categories?post=10562"},{"taxonomy":"post_tag","embeddable":true,"href":"https:\/\/www.psc-psoe.es\/index.php\/wp-json\/wp\/v2\/tags?post=10562"}],"curies":[{"name":"wp","href":"https:\/\/api.w.org\/{rel}","templated":true}]}}