{"id":10514,"date":"2025-06-06T09:40:02","date_gmt":"2025-06-06T08:40:02","guid":{"rendered":"https:\/\/www.psc-psoe.es\/?p=10514"},"modified":"2025-06-06T09:40:02","modified_gmt":"2025-06-06T08:40:02","slug":"el-aparcamiento-para-residentes-en-el-barrio-pesquero-es-fruto-de-la-presion-del-psoe-y-los-vecinos","status":"publish","type":"post","link":"https:\/\/www.psc-psoe.es\/index.php\/2025\/06\/06\/el-aparcamiento-para-residentes-en-el-barrio-pesquero-es-fruto-de-la-presion-del-psoe-y-los-vecinos\/","title":{"rendered":"El aparcamiento para residentes en el Barrio Pesquero es fruto de la presi\u00f3n del PSOE y los vecinos"},"content":{"rendered":"<p style=\"font-weight: 400; text-align: justify;\">El portavoz del Grupo Municipal Socialista, Daniel Fern\u00e1ndez, destaca que la medida anunciada hoy por el equipo de Gobierno del PP es fruto del trabajo y la reivindicaci\u00f3n de los vecinos y vecinas, con el respaldo del PSOE, que ha trasladado esta demanda reiteradamente al Pleno y a la Comisi\u00f3n de Movilidad.<\/p>\n<p style=\"font-weight: 400; text-align: justify;\">\u201cEsta reacci\u00f3n del equipo de Gobierno llega despu\u00e9s de meses de trabajo por parte del PSOE de Santander. Primero, con la reuni\u00f3n celebrada en diciembre en el marco de nuestros \u2018Tardeos que Cuentan\u2019 en el propio Barrio Pesquero, donde recogimos de primera mano las demandas y preocupaciones de los vecinos. Y m\u00e1s recientemente, a trav\u00e9s de la recogida de firmas que hemos impulsado hace tres semanas en el barrio, que ha tenido una respuesta masiva. Es evidente que el anuncio del PP es consecuencia directa de esta movilizaci\u00f3n vecinal y del trabajo constante que estamos realizando desde nuestro Grupo Municipal\u201d, ha se\u00f1alado Fern\u00e1ndez.<\/p>\n<p style=\"font-weight: 400; text-align: justify;\">Daniel Fern\u00e1ndez ha valorado de manera positiva el anuncio de la creaci\u00f3n de una zona de aparcamiento reservado para residentes en el Barrio Pesquero, pero ha recordado que esta iniciativa \u201cno ha sido una idea espont\u00e1nea del equipo de Gobierno, sino el resultado de la presi\u00f3n vecinal y de la labor constante del Grupo Municipal Socialista\u201d.<\/p>\n<p style=\"font-weight: 400; text-align: justify;\">\u201cEl PSOE de Santander lleva meses trabajando de la mano de los vecinos, recogiendo sus quejas y trasladando esta necesidad tanto al Pleno municipal como a las distintas comisiones. Es un logro colectivo del barrio y de quienes hemos cre\u00eddo en esta reivindicaci\u00f3n justa desde el primer momento\u201d, ha subrayado Fern\u00e1ndez.<\/p>\n<p style=\"font-weight: 400; text-align: justify;\">Asimismo, ha recordado que en varias ocasiones los socialistas han exigido soluciones para un barrio que sufre importantes problemas de movilidad y aparcamiento, especialmente agravados por la falta de planificaci\u00f3n y de escucha por parte del equipo de Gobierno.<\/p>\n<p style=\"font-weight: 400; text-align: justify;\">\u201cNos alegramos de que, finalmente, el PP haya atendido esta demanda, aunque llegue tarde y en respuesta a la presi\u00f3n de la oposici\u00f3n y de los propios vecinos\u201d, ha afirmado el portavoz socialista.<\/p>\n<p style=\"font-weight: 400; text-align: justify;\">En este sentido, el portavoz del PSOE de Santander ha anunciado que seguir\u00e1 vigilante para que la medida se aplique de manera efectiva, que no se quede en un anuncio vac\u00edo, y que se complemente con m\u00e1s actuaciones que dignifiquen el barrio y mejoren el d\u00eda a d\u00eda de sus vecinos y vecinas.<\/p>\n<p style=\"font-weight: 400; text-align: justify;\">\u201cEl Barrio Pesquero merece m\u00e1s atenci\u00f3n, m\u00e1s respeto y un compromiso real del Ayuntamiento. Desde el PSOE vamos a seguir trabajando barrio a barrio, por una Santander m\u00e1s justa y para todos y todas\u201d, ha concluido Fern\u00e1ndez.<\/p>\n","protected":false},"excerpt":{"rendered":"<p>El portavoz del Grupo Municipal Socialista, Daniel Fern\u00e1ndez, destaca que la medida anunciada hoy por el equipo de Gobierno del PP es fruto del trabajo y la reivindicaci\u00f3n de los vecinos y vecinas, con el respaldo del PSOE, que ha trasladado esta demanda reiteradamente al Pleno y a la Comisi\u00f3n de Movilidad. \u201cEsta reacci\u00f3n del [&hellip;]<\/p>\n","protected":false},"author":12,"featured_media":10232,"comment_status":"open","ping_status":"closed","sticky":false,"template":"","format":"standard","meta":{"tdm_status":"","tdm_grid_status":"","footnotes":""},"categories":[1],"tags":[],"class_list":["post-10514","post","type-post","status-publish","format-standard","has-post-thumbnail","hentry","category-uncategorized"],"_links":{"self":[{"href":"https:\/\/www.psc-psoe.es\/index.php\/wp-json\/wp\/v2\/posts\/10514","targetHints":{"allow":["GET"]}}],"collection":[{"href":"https:\/\/www.psc-psoe.es\/index.php\/wp-json\/wp\/v2\/posts"}],"about":[{"href":"https:\/\/www.psc-psoe.es\/index.php\/wp-json\/wp\/v2\/types\/post"}],"author":[{"embeddable":true,"href":"https:\/\/www.psc-psoe.es\/index.php\/wp-json\/wp\/v2\/users\/12"}],"replies":[{"embeddable":true,"href":"https:\/\/www.psc-psoe.es\/index.php\/wp-json\/wp\/v2\/comments?post=10514"}],"version-history":[{"count":1,"href":"https:\/\/www.psc-psoe.es\/index.php\/wp-json\/wp\/v2\/posts\/10514\/revisions"}],"predecessor-version":[{"id":10515,"href":"https:\/\/www.psc-psoe.es\/index.php\/wp-json\/wp\/v2\/posts\/10514\/revisions\/10515"}],"wp:featuredmedia":[{"embeddable":true,"href":"https:\/\/www.psc-psoe.es\/index.php\/wp-json\/wp\/v2\/media\/10232"}],"wp:attachment":[{"href":"https:\/\/www.psc-psoe.es\/index.php\/wp-json\/wp\/v2\/media?parent=10514"}],"wp:term":[{"taxonomy":"category","embeddable":true,"href":"https:\/\/www.psc-psoe.es\/index.php\/wp-json\/wp\/v2\/categories?post=10514"},{"taxonomy":"post_tag","embeddable":true,"href":"https:\/\/www.psc-psoe.es\/index.php\/wp-json\/wp\/v2\/tags?post=10514"}],"curies":[{"name":"wp","href":"https:\/\/api.w.org\/{rel}","templated":true}]}}