{"id":1051,"date":"2017-11-18T22:00:41","date_gmt":"2017-11-18T21:00:41","guid":{"rendered":"http:\/\/psc-psoe.es\/?p=1051"},"modified":"2019-01-03T10:43:37","modified_gmt":"2019-01-03T09:43:37","slug":"el-psoe-constituye-la-agrupacion-socialista-de-guriezo","status":"publish","type":"post","link":"https:\/\/www.psc-psoe.es\/index.php\/2017\/11\/18\/el-psoe-constituye-la-agrupacion-socialista-de-guriezo\/","title":{"rendered":"El PSOE constituye la agrupaci\u00f3n socialista de Guriezo"},"content":{"rendered":"<p>El PSOE de Cantabria ha constituido hoy, s\u00e1bado 18 de noviembre, la agrupaci\u00f3n socialista de Guriezo sumando un nuevo espacio para el debate de ideas y la reflexi\u00f3n de propuestas de izquierdas y progresista de Cantabria. Con esta nueva agrupaci\u00f3n, el PSOE cuenta con sesenta y una agrupaciones repartidas por toda la regi\u00f3n.<\/p>\n<p><strong>Comisi\u00f3n Ejecutiva Municipal<\/strong><\/p>\n<p>En la asamblea constitutiva de la agrupaci\u00f3n, que cuenta ya con cincuenta y un afiliados, se presentaron dos candidaturas a la Comisi\u00f3n Ejecutiva Municipal, y la candidatura de Rivero ha obtenido 35 votos.<\/p>\n<p>De esta forma, Mar\u00eda Dolores Rivero Alonso es desde hoy la secretaria general del PSOE de Guriezo, Felipe Antol\u00edn Llantada el secretario de Organizaci\u00f3n y Elena Puente \u00a0Ortiz la secretaria de Pol\u00edtica Municipal.<\/p>\n<p>La agrupaci\u00f3n socialista de Guriezo desarrollar\u00e1 su actividad con autonom\u00eda dentro del \u00e1mbito territorial de Cantabria, de acuerdo a lo dispuesto en las resoluciones del Congreso Federal, el Comit\u00e9 Federal, la Comisi\u00f3n Ejecutiva Federal y en las resoluciones y acuerdos de los \u00f3rganos de su \u00e1mbito superior.<\/p>\n<p><strong>Fortalecer al PSOE en Cantabria<\/strong><\/p>\n<p>Las agrupaciones locales son constituidas por la Comisi\u00f3n Ejecutiva Regional, y a tal efecto, participaron de la misma, la secretaria de Organizaci\u00f3n y el secretario de Pol\u00edtica Municipal, Noelia Cobo y Agust\u00edn Molleda.<\/p>\n<p>Cobo ha agradecido a Rivero y el resto de los militantes haber decidido crear esta agrupaci\u00f3n \u201cen este tiempo esplendoroso en el que los socialistas nos sentimos m\u00e1s orgullosos que nunca de serlo\u201d. \u201cDesde el 13 Congreso regional ya se han constituido dos nuevas agrupaciones, aumentando la presencia del socialismo en la regi\u00f3n\u201d.<\/p>\n<p>\u201cNuestro objetivo es fortalecer y aumentar la proyecci\u00f3n del PSOE en toda la regi\u00f3n, para ello estamos trabajando con el objetivo de sumar a mucha m\u00e1s gente progresista al proyecto socialista\u201d, asegura la n\u00famero dos socialista.<\/p>\n<p>En este sentido, la dirigente socialista destaca las ganas y la ilusi\u00f3n de un grupo de personas que han decidido organizarse para poder ofrecer al municipio \u201cuna alternativa pol\u00edtica de izquierdas con futuro\u201d. \u201cEl compromiso, la dedicaci\u00f3n, la honestidad y la capacidad pol\u00edtica de sus miembros har\u00e1n que la creaci\u00f3n de esta agrupaci\u00f3n sea una buen\u00edsima noticia\u201d. <\/p>\n","protected":false},"excerpt":{"rendered":"<p>El PSOE de Cantabria ha constituido hoy, s\u00e1bado 18 de noviembre, la agrupaci\u00f3n socialista de Guriezo sumando un nuevo espacio para el debate de ideas y la reflexi\u00f3n de propuestas de izquierdas y progresista de Cantabria. Con esta nueva agrupaci\u00f3n, el PSOE cuenta con sesenta y una agrupaciones repartidas por toda la regi\u00f3n. Comisi\u00f3n Ejecutiva [&hellip;]<\/p>\n","protected":false},"author":2,"featured_media":1052,"comment_status":"open","ping_status":"open","sticky":false,"template":"","format":"standard","meta":{"tdm_status":"","tdm_grid_status":"","footnotes":""},"categories":[40,6],"tags":[],"class_list":["post-1051","post","type-post","status-publish","format-standard","has-post-thumbnail","hentry","category-ason-aguera","category-agrupaciones"],"_links":{"self":[{"href":"https:\/\/www.psc-psoe.es\/index.php\/wp-json\/wp\/v2\/posts\/1051","targetHints":{"allow":["GET"]}}],"collection":[{"href":"https:\/\/www.psc-psoe.es\/index.php\/wp-json\/wp\/v2\/posts"}],"about":[{"href":"https:\/\/www.psc-psoe.es\/index.php\/wp-json\/wp\/v2\/types\/post"}],"author":[{"embeddable":true,"href":"https:\/\/www.psc-psoe.es\/index.php\/wp-json\/wp\/v2\/users\/2"}],"replies":[{"embeddable":true,"href":"https:\/\/www.psc-psoe.es\/index.php\/wp-json\/wp\/v2\/comments?post=1051"}],"version-history":[{"count":0,"href":"https:\/\/www.psc-psoe.es\/index.php\/wp-json\/wp\/v2\/posts\/1051\/revisions"}],"wp:featuredmedia":[{"embeddable":true,"href":"https:\/\/www.psc-psoe.es\/index.php\/wp-json\/wp\/v2\/media\/1052"}],"wp:attachment":[{"href":"https:\/\/www.psc-psoe.es\/index.php\/wp-json\/wp\/v2\/media?parent=1051"}],"wp:term":[{"taxonomy":"category","embeddable":true,"href":"https:\/\/www.psc-psoe.es\/index.php\/wp-json\/wp\/v2\/categories?post=1051"},{"taxonomy":"post_tag","embeddable":true,"href":"https:\/\/www.psc-psoe.es\/index.php\/wp-json\/wp\/v2\/tags?post=1051"}],"curies":[{"name":"wp","href":"https:\/\/api.w.org\/{rel}","templated":true}]}}