{"id":10441,"date":"2025-05-30T12:31:49","date_gmt":"2025-05-30T11:31:49","guid":{"rendered":"https:\/\/www.psc-psoe.es\/?p=10441"},"modified":"2025-05-30T12:33:43","modified_gmt":"2025-05-30T11:33:43","slug":"el-psoe-exige-a-la-alcaldesa-que-cese-al-condenado-por-violencia-de-genero-de-las-funciones-de-confianza-que-desempena-por-libre-designacion","status":"publish","type":"post","link":"https:\/\/www.psc-psoe.es\/index.php\/2025\/05\/30\/el-psoe-exige-a-la-alcaldesa-que-cese-al-condenado-por-violencia-de-genero-de-las-funciones-de-confianza-que-desempena-por-libre-designacion\/","title":{"rendered":"El PSOE exige a la alcaldesa que cese al condenado por violencia de g\u00e9nero de las funciones de confianza que desempe\u00f1a por libre designaci\u00f3n"},"content":{"rendered":"<p style=\"font-weight: 400; text-align: justify;\">El Grupo Municipal Socialista en el Ayuntamiento de Santander ha exigido a la alcaldesa, Gema Igual, que cese de forma inmediata al funcionario condenado por dos delitos de violencia de g\u00e9nero de todas las funciones que desempe\u00f1a por libre designaci\u00f3n del equipo de Gobierno, y que est\u00e1n directamente vinculadas a las \u00e1reas de Barrios y Festejos.<\/p>\n<p style=\"font-weight: 400; text-align: justify;\">El secretario general del PSOE de Santander y portavoz municipal, Daniel Fern\u00e1ndez, ha explicado que \u201cno hablamos de cesar a un funcionario de carrera, sino de cesarle en aquellas tareas que realiza como empleado de confianza. Funciones que no le corresponden como polic\u00eda, sino que le han sido asignadas por decisi\u00f3n pol\u00edtica de este gobierno municipal del Partido Popular\u201d.<\/p>\n<p style=\"font-weight: 400; text-align: justify;\">Fern\u00e1ndez ha instado a Gema Igual a que act\u00fae de forma inmediata: \u201cSi mantiene en funciones pol\u00edticas a un condenado por violencia de g\u00e9nero, ser\u00e1 su decisi\u00f3n. Y esa decisi\u00f3n la retrata. No se trata solo de legalidad, se trata de \u00e9tica p\u00fablica y de respeto a las v\u00edctimas\u201d.<\/p>\n<p style=\"font-weight: 400; text-align: justify;\">Adem\u00e1s, Fern\u00e1ndez ha se\u00f1alado que, seg\u00fan ha reconocido la alcaldesa en el Pleno de este jueves 29 de mayo, \u201cel trabajador no puede ser cesado de su plaza como polic\u00eda local, pero s\u00ed de las funciones adicionales que le han sido encomendadas. Lo hizo, adem\u00e1s, proclamando tolerancia cero con la violencia de g\u00e9nero\u201d, una declaraci\u00f3n que, para el PSOE,\u00a0resulta totalmente incompatible con la decisi\u00f3n de mantener en funciones de confianza a un condenado por maltrato y amenazas.<\/p>\n<p style=\"font-weight: 400; text-align: justify;\">\u201cNo basta con proclamar principios: hay que aplicarlos. Si se afirma tolerancia cero con la violencia machista, se tiene que aplicar con determinaci\u00f3n, sin silencio ni complicidad\u201d, se\u00f1ala el portavoz socialista.<\/p>\n<p style=\"font-weight: 400; text-align: justify;\">As\u00ed, Fern\u00e1ndez ha denunciado que \u201cmientras el PP guarda minutos de silencio por las v\u00edctimas, mantiene en su estructura a una persona condenada por maltrato y amenazas, que representa al Ayuntamiento en eventos y reuniones vecinales. Esto no es un olvido ni una confusi\u00f3n: es complicidad institucional\u201d.<\/p>\n<p style=\"font-weight: 400; text-align: justify;\">Para el portavoz de los socialistas santanderinos \u201cel trabajador est\u00e1 desarrollando tareas y funciones que nada tienen que ver con sus funciones policiales: coordinaci\u00f3n de eventos, interlocuci\u00f3n con asociaciones vecinales, representaci\u00f3n institucional&#8230;y todas esas tareas le han sido atribuidas por libre designaci\u00f3n del equipo de Gobierno, lo que implica que pueden \u2014y deben\u2014 ser retiradas hoy mismo\u201d.<\/p>\n<p style=\"font-weight: 400; text-align: justify;\">Finalmente, Daniel Fern\u00e1ndez ha pedido ser \u201ccontundentes y firmes\u201d ante la violencia de g\u00e9nero. \u201cNo son admisibles ninguna de las excusas de la alcaldesa para no tomar decisiones de inmediato\u201d.<\/p>\n<p style=\"text-align: justify;\">\n","protected":false},"excerpt":{"rendered":"<p>El Grupo Municipal Socialista en el Ayuntamiento de Santander ha exigido a la alcaldesa, Gema Igual, que cese de forma inmediata al funcionario condenado por dos delitos de violencia de g\u00e9nero de todas las funciones que desempe\u00f1a por libre designaci\u00f3n del equipo de Gobierno, y que est\u00e1n directamente vinculadas a las \u00e1reas de Barrios y [&hellip;]<\/p>\n","protected":false},"author":12,"featured_media":10442,"comment_status":"open","ping_status":"closed","sticky":false,"template":"","format":"standard","meta":{"tdm_status":"","tdm_grid_status":"","footnotes":""},"categories":[20,16,55,1],"tags":[],"class_list":["post-10441","post","type-post","status-publish","format-standard","has-post-thumbnail","hentry","category-santander","category-noticias-santander","category-arco-de-la-bahia","category-uncategorized"],"_links":{"self":[{"href":"https:\/\/www.psc-psoe.es\/index.php\/wp-json\/wp\/v2\/posts\/10441","targetHints":{"allow":["GET"]}}],"collection":[{"href":"https:\/\/www.psc-psoe.es\/index.php\/wp-json\/wp\/v2\/posts"}],"about":[{"href":"https:\/\/www.psc-psoe.es\/index.php\/wp-json\/wp\/v2\/types\/post"}],"author":[{"embeddable":true,"href":"https:\/\/www.psc-psoe.es\/index.php\/wp-json\/wp\/v2\/users\/12"}],"replies":[{"embeddable":true,"href":"https:\/\/www.psc-psoe.es\/index.php\/wp-json\/wp\/v2\/comments?post=10441"}],"version-history":[{"count":1,"href":"https:\/\/www.psc-psoe.es\/index.php\/wp-json\/wp\/v2\/posts\/10441\/revisions"}],"predecessor-version":[{"id":10444,"href":"https:\/\/www.psc-psoe.es\/index.php\/wp-json\/wp\/v2\/posts\/10441\/revisions\/10444"}],"wp:featuredmedia":[{"embeddable":true,"href":"https:\/\/www.psc-psoe.es\/index.php\/wp-json\/wp\/v2\/media\/10442"}],"wp:attachment":[{"href":"https:\/\/www.psc-psoe.es\/index.php\/wp-json\/wp\/v2\/media?parent=10441"}],"wp:term":[{"taxonomy":"category","embeddable":true,"href":"https:\/\/www.psc-psoe.es\/index.php\/wp-json\/wp\/v2\/categories?post=10441"},{"taxonomy":"post_tag","embeddable":true,"href":"https:\/\/www.psc-psoe.es\/index.php\/wp-json\/wp\/v2\/tags?post=10441"}],"curies":[{"name":"wp","href":"https:\/\/api.w.org\/{rel}","templated":true}]}}