{"id":10401,"date":"2025-05-24T19:27:14","date_gmt":"2025-05-24T18:27:14","guid":{"rendered":"https:\/\/www.psc-psoe.es\/?p=10401"},"modified":"2025-05-24T19:27:14","modified_gmt":"2025-05-24T18:27:14","slug":"daniel-fernandez-es-elegido-secretario-general-del-psoe-de-santander-con-el-9867-del-apoyo-de-los-socialistas-santanderinos","status":"publish","type":"post","link":"https:\/\/www.psc-psoe.es\/index.php\/2025\/05\/24\/daniel-fernandez-es-elegido-secretario-general-del-psoe-de-santander-con-el-9867-del-apoyo-de-los-socialistas-santanderinos\/","title":{"rendered":"Daniel Fern\u00e1ndez es elegido secretario general del PSOE de Santander con el 98,67% del apoyo de los socialistas santanderinos"},"content":{"rendered":"<p style=\"text-align: justify;\">La asamblea extraordinaria del PSOE de Santander ha dado un apoyo del 98,67% a la nueva Comisi\u00f3n Ejecutiva Municipal, y a Daniel Fern\u00e1ndez como secretario general.<\/p>\n<p style=\"text-align: justify;\">La nueva Comisi\u00f3n Ejecutiva Municipal ha obtenido 222 votos a favor de los 225 votos emitidos.<\/p>\n<p style=\"text-align: justify;\">Durante la asamblea, Fern\u00e1ndez ha agradecido el apoyo y la confianza de la militancia socialista.<\/p>\n<p style=\"text-align: justify;\">Fern\u00e1ndez, ha afirmado durante la asamblea extraordinaria para la renovaci\u00f3n de la Comisi\u00f3n Ejecutiva Municipal, que los socialistas \u201csomos los \u00fanicos que podemos llevar a cabo la urgente regeneraci\u00f3n democr\u00e1tica en Santander\u201d.<\/p>\n<p style=\"text-align: justify;\">\u201cAsumimos el reto important\u00edsimo de cambiar las cosas en Santander, de cambiar una ciudad que, el a\u00f1o que viene, cumplir\u00e1 50 a\u00f1os de democracia y 50 a\u00f1os de gobierno de los mismos\u201d, ha se\u00f1alado.<\/p>\n<p style=\"text-align: justify;\">Adem\u00e1s, el secretario general de los socialistas santanderinos ha agradecido a su antecesor, Pedro Casares, \u201csu trabajo y compromiso durante estos a\u00f1os para que el PSOE tenga voz propia, sea la \u00fanica alternativa al PP que perciben los santanderinos y tambi\u00e9n por unir a todos los socialistas santanderinos durante m\u00e1s de una d\u00e9cada\u201d.<\/p>\n<p style=\"text-align: justify;\">\u201cEs toda una vida la que llevamos juntos y lo que siempre hemos tenido claro es el compromiso con este partido, el trabajo que ha sido siempre innegociable. Siempre hemos trabajado 24 horas al d\u00eda durante siete d\u00edas a la semana. Y, sobre todo, tambi\u00e9n la responsabilidad a la hora de hacer una pol\u00edtica seria, que es lo que vamos a hacer desde la nueva Comisi\u00f3n Ejecutiva que en el d\u00eda de hoy se elige\u201d, ha afirmado.<\/p>\n<p style=\"text-align: justify;\">Por \u00faltimo, Daniel Fern\u00e1ndez ha dicho que \u201cel PSOE est\u00e1 por encima de cualquiera de nosotros y, por lo tanto, hay que ir dando tambi\u00e9n paso a los j\u00f3venes, a esas personas, a esas compa\u00f1eras, a esos compa\u00f1eros que un d\u00eda deciden afiliarse muy j\u00f3venes a este partido y que tienen que tener en la gente que tenemos m\u00e1s experiencia ese apoyo y esa ayuda para poco a poco ir asumiendo el relevo. Un relevo que ahora se da en la agrupaci\u00f3n de Santander\u201d.<\/p>\n<p style=\"text-align: justify;\">\u201cNo es un punto y aparte, es un punto y seguido, porque la idea es continuar con todo lo bien que se ha hecho, porque estoy convencido de que lo que hemos hecho, lo hemos hecho bien\u201d, ha concluido.<\/p>\n","protected":false},"excerpt":{"rendered":"<p>La asamblea extraordinaria del PSOE de Santander ha dado un apoyo del 98,67% a la nueva Comisi\u00f3n Ejecutiva Municipal, y a Daniel Fern\u00e1ndez como secretario general. La nueva Comisi\u00f3n Ejecutiva Municipal ha obtenido 222 votos a favor de los 225 votos emitidos. Durante la asamblea, Fern\u00e1ndez ha agradecido el apoyo y la confianza de la [&hellip;]<\/p>\n","protected":false},"author":12,"featured_media":10402,"comment_status":"open","ping_status":"closed","sticky":false,"template":"","format":"standard","meta":{"tdm_status":"","tdm_grid_status":"","footnotes":""},"categories":[20,55,16],"tags":[],"class_list":["post-10401","post","type-post","status-publish","format-standard","has-post-thumbnail","hentry","category-santander","category-arco-de-la-bahia","category-noticias-santander"],"_links":{"self":[{"href":"https:\/\/www.psc-psoe.es\/index.php\/wp-json\/wp\/v2\/posts\/10401","targetHints":{"allow":["GET"]}}],"collection":[{"href":"https:\/\/www.psc-psoe.es\/index.php\/wp-json\/wp\/v2\/posts"}],"about":[{"href":"https:\/\/www.psc-psoe.es\/index.php\/wp-json\/wp\/v2\/types\/post"}],"author":[{"embeddable":true,"href":"https:\/\/www.psc-psoe.es\/index.php\/wp-json\/wp\/v2\/users\/12"}],"replies":[{"embeddable":true,"href":"https:\/\/www.psc-psoe.es\/index.php\/wp-json\/wp\/v2\/comments?post=10401"}],"version-history":[{"count":1,"href":"https:\/\/www.psc-psoe.es\/index.php\/wp-json\/wp\/v2\/posts\/10401\/revisions"}],"predecessor-version":[{"id":10403,"href":"https:\/\/www.psc-psoe.es\/index.php\/wp-json\/wp\/v2\/posts\/10401\/revisions\/10403"}],"wp:featuredmedia":[{"embeddable":true,"href":"https:\/\/www.psc-psoe.es\/index.php\/wp-json\/wp\/v2\/media\/10402"}],"wp:attachment":[{"href":"https:\/\/www.psc-psoe.es\/index.php\/wp-json\/wp\/v2\/media?parent=10401"}],"wp:term":[{"taxonomy":"category","embeddable":true,"href":"https:\/\/www.psc-psoe.es\/index.php\/wp-json\/wp\/v2\/categories?post=10401"},{"taxonomy":"post_tag","embeddable":true,"href":"https:\/\/www.psc-psoe.es\/index.php\/wp-json\/wp\/v2\/tags?post=10401"}],"curies":[{"name":"wp","href":"https:\/\/api.w.org\/{rel}","templated":true}]}}