{"id":10398,"date":"2025-05-24T14:45:27","date_gmt":"2025-05-24T13:45:27","guid":{"rendered":"https:\/\/www.psc-psoe.es\/?p=10398"},"modified":"2025-05-24T14:45:27","modified_gmt":"2025-05-24T13:45:27","slug":"daniel-fernandez-somos-los-unicos-que-podemos-llevar-a-cabo-la-urgente-regeneracion-democratica-en-santander-tras-50-anos-de-gobiernos-del-pp","status":"publish","type":"post","link":"https:\/\/www.psc-psoe.es\/index.php\/2025\/05\/24\/daniel-fernandez-somos-los-unicos-que-podemos-llevar-a-cabo-la-urgente-regeneracion-democratica-en-santander-tras-50-anos-de-gobiernos-del-pp\/","title":{"rendered":"Daniel Fern\u00e1ndez: \u201cSomos los \u00fanicos que podemos llevar a cabo la urgente regeneraci\u00f3n democr\u00e1tica en Santander tras 50 a\u00f1os de gobiernos del PP\u201d"},"content":{"rendered":"<p style=\"text-align: justify;\">El candidato a la Secretar\u00eda General del PSOE de Santander, Daniel Fern\u00e1ndez, ha afirmado durante la asamblea extraordinaria para la renovaci\u00f3n de la Comisi\u00f3n Ejecutiva Municipal, que los socialistas \u201csomos los \u00fanicos que podemos llevar a cabo la urgente regeneraci\u00f3n democr\u00e1tica en Santander\u201d.<\/p>\n<p style=\"text-align: justify;\">Fern\u00e1ndez ha se\u00f1alado a quienes van a formar parte de la nueva Comisi\u00f3n Ejecutiva Municipal que \u201casumimos el reto important\u00edsimo de cambiar las cosas en Santander, de cambiar una ciudad que, el a\u00f1o que viene, cumplir\u00e1 50 a\u00f1os de democracia y 50 a\u00f1os de gobierno de los mismos\u201d.<\/p>\n<p style=\"text-align: justify;\">Adem\u00e1s, el pr\u00f3ximo secretario general de los socialistas santanderinos ha agradecido a su antecesor, Pedro Casares, \u201csu trabajo y compromiso durante estos a\u00f1os para que el PSOE tenga voz propia, sea la \u00fanica alternativa al PP que perciben los santanderinos y tambi\u00e9n por unir a todos los socialistas santanderinos durante m\u00e1s de una d\u00e9cada\u201d.<\/p>\n<p style=\"text-align: justify;\">\u201cEs toda una vida la que llevamos juntos y lo que siempre hemos tenido claro es el compromiso con este partido, el trabajo que ha sido siempre innegociable. Siempre hemos trabajado 24 horas al d\u00eda durante siete d\u00edas a la semana. Y, sobre todo, tambi\u00e9n la responsabilidad a la hora de hacer una pol\u00edtica seria, que es lo que vamos a hacer desde la nueva Comisi\u00f3n Ejecutiva que en el d\u00eda de hoy se elige\u201d, ha afirmado.<\/p>\n<p style=\"text-align: justify;\">Para Fern\u00e1ndez, \u201cel PSOE est\u00e1 por encima de cualquiera de nosotros y, por lo tanto, hay que ir dando tambi\u00e9n paso a los j\u00f3venes, a esas personas, a esas compa\u00f1eras, a esos compa\u00f1eros que un d\u00eda deciden afiliarse muy j\u00f3venes a este partido y que tienen que tener en la gente que tenemos m\u00e1s experiencia ese apoyo y esa ayuda para poco a poco ir asumiendo el relevo. Un relevo que ahora se da en la agrupaci\u00f3n de Santander\u201d.<\/p>\n<p style=\"text-align: justify;\">\u201cNo es un punto y aparte, es un punto y seguido, porque la idea es continuar con todo lo bien que se ha hecho, porque estoy convencido de que lo que hemos hecho, lo hemos hecho bien\u201d, ha enfatizado.<\/p>\n<p style=\"text-align: justify;\">\u201cSantander necesita un shock de modernidad, si echamos la vista atr\u00e1s, no ha cambiado en absolutamente nada, m\u00e1s all\u00e1 de lo que el Partido Socialista ha ido proponiendo durante muchas legislaturas y que el Partido Popular rechazaba y que a\u00f1os despu\u00e9s iba poniendo en marcha\u201d, ha expresado.<\/p>\n<p style=\"text-align: justify;\">El candidato a la Secretar\u00eda General ha afirmado que \u201cel PSOE somos la vanguardia de la ciudad, la modernidad. Los proyectos que verdaderamente transforman a nuestra ciudad y la que vamos a seguir trabajando tanto desde la ejecutiva como desde el grupo municipal\u201d.<\/p>\n<p style=\"text-align: justify;\">As\u00ed, ha recordado que las escaleras e itinerarios mec\u00e1nicos \u201cfue una propuesta que, en el a\u00f1o 1992, lanz\u00f3 a la opini\u00f3n p\u00fablica nuestro compa\u00f1ero Juanjo Sota cuando era portavoz municipal, que era, salvar todos esos desniveles de la ciudad con itinerarios verticales, con escaleras mec\u00e1nicas. Lo dijo en 1992 y no fue hasta el 2007 cuando se instal\u00f3 la primera de las escaleras mec\u00e1nicas en Santander\u201d.<\/p>\n<p style=\"text-align: justify;\"><strong>Despedida de Casares e informe de gesti\u00f3n<\/strong><\/p>\n<p style=\"text-align: justify;\">Por su parte, el secretario general actual de la agrupaci\u00f3n y secretario general del PSOE de Cantabria, Pedro Casares, ha hecho balance de la gesti\u00f3n afirmando que \u201csolo el PSOE puede cambiar y mejorar Santander, somos la \u00fanica alternativa real al PP\u201d.<\/p>\n<p style=\"text-align: justify;\">\u201cSantander nos necesita, para poner orden en los servicios p\u00fablicos, para que la ciudad est\u00e9 limpia, para mejorar el transporte p\u00fablico, para tener m\u00e1s zonas verdes, para tener parques infantes cubiertos, para disponer de mejores instalaciones deportivas, para arreglar nuestros colegios, para reforzar los servicios sociales, para cuidar a nuestros mayores, para atender nuestros barrios\u201d, ha expresado.<\/p>\n<p style=\"text-align: justify;\">Para el l\u00edder socialista, la ciudad \u201cnos necesita para dar oportunidades a nuestros j\u00f3venes, para solucionar el problema de la vivienda, para proteger a las mujeres, para luchar contra la desigualad, para ofrecer becas a los ni\u00f1os y puedan estudiar idiomas en el extranjero, para que se construya un teatro municipal, para respetar la memoria democr\u00e1tica y para que fomentemos la participaci\u00f3n ciudadana\u201d.<\/p>\n<p style=\"text-align: justify;\">Tambi\u00e9n, ha dicho Casares, \u201cSantander nos necesita cuando los vecinos se quejan de la inseguridad, de la falta de polic\u00edas, del ruido en sus barrios y nadie hace nada; cuando no se avanza en materia de discapacidad o cuando no hay un solo proyecto transformador de la ciudad desde hace 20 a\u00f1os.<\/p>\n<p style=\"text-align: justify;\">El informe de gesti\u00f3n ha sido votado y apoyado por el 98% de la asamblea extraordinaria.<\/p>\n<p style=\"text-align: justify;\"><strong>Mayor etapa de unidad y estabilidad<\/strong><\/p>\n<p style=\"text-align: justify;\">Casares ha resumido en dos palabras, compromiso y unidad, estos m\u00e1s de diez a\u00f1os como secretario general de la principal agrupaci\u00f3n socialista en Cantabria. \u201cCompromiso con una forma de hacer y entender la pol\u00edtica, desde el respeto, la cercan\u00eda, el rigor, la solvencia, la honradez y la transparencia; con Santander y con su gente; y con el presente, con el hoy, y compromiso con el futuro, con el ma\u00f1ana\u201d, ha destacado.<\/p>\n<p style=\"text-align: justify;\">Sobre la unidad, el tambi\u00e9n secretario general de los socialistas c\u00e1ntabros ha afirmado que \u201cse trabaja, no solo un d\u00eda, no solo en una votaci\u00f3n, en una ejecutiva o en una lista electoral, la unidad es tambi\u00e9n una forma de ver y entender la pol\u00edtica. Y tenemos que sentirnos orgullosos de la mayor etapa de estabilidad y unidad de la historia del partido en Santander\u201d.<\/p>\n<p style=\"text-align: justify;\">\u201cHoy ponemos un punto y aparte a una de las etapas m\u00e1s apasionantes de nuestra vida pol\u00edtica. Han pasado m\u00e1s de 10 a\u00f1os desde que en aquel noviembre de 2014 me eligierais en primarias secretario general del PSOE en Santander\u201d, ha recordado Casares, que ha agradecido la confianza de los socialistas santanderinos durante los \u00faltimos veinte a\u00f1os, en los que ha sido secretario general de Juventudes Socialistas de Santander, secretario general de la agrupaci\u00f3n del distrito sudeste, candidato a la Alcald\u00eda en dos ocasiones, concejal y portavoz municipal durante siete a\u00f1os.<\/p>\n<p style=\"text-align: justify;\">\n<p style=\"text-align: justify;\">En estos tres a\u00f1os de gesti\u00f3n, Casares ha recordado que \u201chemos hecho grandes cosas para que el PSOE est\u00e9 vivo, activo, lleno de ideas y propuestas, cargado de argumentos que evidencian que somos los \u00fanicos que podemos gobernar esta ciudad\u201d.<\/p>\n<p style=\"text-align: justify;\">\u201cHemos trabajado para aumentar la participaci\u00f3n de la militancia. Hemos inaugurado una nueva sede, m\u00e1s grande, m\u00e1s di\u00e1fana, m\u00e1s econ\u00f3mica y que permanece abierta. Hemos puesto en marcha cursos de formaci\u00f3n. Tenemos grupos de trabajo por \u00e1reas de gesti\u00f3n municipal. Hemos continuado con la presencia activa en los barrios y las asociaciones vecinales y hemos mantenido interlocuci\u00f3n directa y permanente con todos los sectores de la ciudad\u201d, ha dicho.<\/p>\n<p style=\"text-align: justify;\"><strong>Agradecimiento<\/strong><\/p>\n<p style=\"text-align: justify;\">Sobre su nueva responsabilidad como secretario general del PSOE de Cantabria, Casares ha dicho \u201cos doy una certeza, al conjunto del PSOE de Santander, Daniel, vais a tener a todo el PSOE de Cantabria a vuestro lado, como secretario general y como militante estar\u00e9 siempre donde el PSOE me necesite, donde mis compa\u00f1eros y compa\u00f1eras me pid\u00e1is que est\u00e9\u201d.<\/p>\n<p style=\"text-align: justify;\">\u201cY llevar\u00e9 siempre a Santander y a esta agrupaci\u00f3n, en mi cabeza y en mi coraz\u00f3n. Gracias por tanto cari\u00f1o, respeto y compromiso, que he entendido siempre que lo que es con el PSOE\u201d, ha expresado.<\/p>\n<p style=\"text-align: justify;\">Sobre estos a\u00f1os, Casares ha afirmado que \u201cha intentado dejarme la piel en cada momento que el partido me ha pedido estar o hacer. Y as\u00ed, os aseguro, que seguir\u00e9 haciendo. Hoy tengo una nueva responsabilidad, pero el mismo compromiso y espero estar al menos a la altura de la confianza que me hab\u00e9is depositado\u201d, ha expresado.<\/p>\n<p style=\"text-align: justify;\">Los socialistas santanderinos han aprobado una resoluci\u00f3n durante la asamblea para condenar el genocidio en Gaza y la solidaridad con el pueblo palestino.<\/p>\n<p style=\"text-align: justify;\">Sobre esta situaci\u00f3n, Casares ha afirmado que \u201cno podemos mirar para otro lado ni ser indiferentes ante esta barbarie\u201d, en la que ha recordado que han sido asesinados m\u00e1s de 53.000 palestinos. \u201cNuestra m\u00e1s firme condena a esta masacre y nuestra solidaridad con el pueblo palestino\u201d, ha enfatizado.<\/p>\n<p style=\"text-align: justify;\">Finalmente, la asamblea extraordinaria que ha comenzado a las 10.00h, continuar\u00e1 hasta las 20.00 horas, cuando se conocer\u00e1 el resultado de la votaci\u00f3n que ratificar\u00e1 a Daniel Fern\u00e1ndez como nuevo secretario general de los socialistas santanderinos.<\/p>\n","protected":false},"excerpt":{"rendered":"<p>El candidato a la Secretar\u00eda General del PSOE de Santander, Daniel Fern\u00e1ndez, ha afirmado durante la asamblea extraordinaria para la renovaci\u00f3n de la Comisi\u00f3n Ejecutiva Municipal, que los socialistas \u201csomos los \u00fanicos que podemos llevar a cabo la urgente regeneraci\u00f3n democr\u00e1tica en Santander\u201d. Fern\u00e1ndez ha se\u00f1alado a quienes van a formar parte de la nueva [&hellip;]<\/p>\n","protected":false},"author":12,"featured_media":10399,"comment_status":"open","ping_status":"closed","sticky":false,"template":"","format":"standard","meta":{"tdm_status":"","tdm_grid_status":"","footnotes":""},"categories":[20,16,55],"tags":[],"class_list":["post-10398","post","type-post","status-publish","format-standard","has-post-thumbnail","hentry","category-santander","category-noticias-santander","category-arco-de-la-bahia"],"_links":{"self":[{"href":"https:\/\/www.psc-psoe.es\/index.php\/wp-json\/wp\/v2\/posts\/10398","targetHints":{"allow":["GET"]}}],"collection":[{"href":"https:\/\/www.psc-psoe.es\/index.php\/wp-json\/wp\/v2\/posts"}],"about":[{"href":"https:\/\/www.psc-psoe.es\/index.php\/wp-json\/wp\/v2\/types\/post"}],"author":[{"embeddable":true,"href":"https:\/\/www.psc-psoe.es\/index.php\/wp-json\/wp\/v2\/users\/12"}],"replies":[{"embeddable":true,"href":"https:\/\/www.psc-psoe.es\/index.php\/wp-json\/wp\/v2\/comments?post=10398"}],"version-history":[{"count":1,"href":"https:\/\/www.psc-psoe.es\/index.php\/wp-json\/wp\/v2\/posts\/10398\/revisions"}],"predecessor-version":[{"id":10400,"href":"https:\/\/www.psc-psoe.es\/index.php\/wp-json\/wp\/v2\/posts\/10398\/revisions\/10400"}],"wp:featuredmedia":[{"embeddable":true,"href":"https:\/\/www.psc-psoe.es\/index.php\/wp-json\/wp\/v2\/media\/10399"}],"wp:attachment":[{"href":"https:\/\/www.psc-psoe.es\/index.php\/wp-json\/wp\/v2\/media?parent=10398"}],"wp:term":[{"taxonomy":"category","embeddable":true,"href":"https:\/\/www.psc-psoe.es\/index.php\/wp-json\/wp\/v2\/categories?post=10398"},{"taxonomy":"post_tag","embeddable":true,"href":"https:\/\/www.psc-psoe.es\/index.php\/wp-json\/wp\/v2\/tags?post=10398"}],"curies":[{"name":"wp","href":"https:\/\/api.w.org\/{rel}","templated":true}]}}