{"id":10386,"date":"2025-05-23T11:07:05","date_gmt":"2025-05-23T10:07:05","guid":{"rendered":"https:\/\/www.psc-psoe.es\/?p=10386"},"modified":"2025-05-23T11:08:34","modified_gmt":"2025-05-23T10:08:34","slug":"el-psoe-interpelara-en-el-pleno-al-consejero-de-salud-sobre-el-transporte-sanitario","status":"publish","type":"post","link":"https:\/\/www.psc-psoe.es\/index.php\/2025\/05\/23\/el-psoe-interpelara-en-el-pleno-al-consejero-de-salud-sobre-el-transporte-sanitario\/","title":{"rendered":"El PSOE interpelar\u00e1 en el Pleno al consejero de Salud sobre el transporte sanitario"},"content":{"rendered":"<p style=\"text-align: justify;\">El PSOE de Cantabria va a interpelar este lunes, 26 de mayo, en el Pleno del Parlamento de Cantabria al consejero de Salud del Gobierno de Cantabria por la situaci\u00f3n del transporte sanitario.<\/p>\n<p style=\"text-align: justify;\">Los socialistas c\u00e1ntabros han registrado esta interpelaci\u00f3n con el objetivo de \u201csaber si ha realizado un estudio de costes de cu\u00e1nto costar\u00eda la internalizaci\u00f3n, porque la privatizaci\u00f3n no sale m\u00e1s barata como nos quieren vender desde el PP y nos da m\u00e1s problemas como ha quedado demostrado\u201d.<\/p>\n<p style=\"text-align: justify;\">El secretario de Pol\u00edtica Auton\u00f3mica y portavoz parlamentario, Mario Iglesias, ha dicho que \u201cel trasporte sanitario lleva una d\u00e9cada acumulando problemas y reclamaciones para profesionales y usuarios, que ponen de manifiesto que un servicio integrado en la cartera b\u00e1sica del SCS debe estar internalizado y prestarse con recursos propios como lleva proponiendo el PSOE en los \u00faltimos 4 a\u00f1os\u201d.<\/p>\n<p style=\"text-align: justify;\">\u201cLa pasada legislatura nosotros dejamos redactada incluso la ley para la creaci\u00f3n de una agencia de Transporte, que quedo en tr\u00e1mite de informaci\u00f3n publica, no d\u00e1ndola continuidad el actual consejero\u201d, ha criticado el portavoz socialista.<\/p>\n<p style=\"text-align: justify;\">En este sentido, Iglesias ha explicado que \u201cpara salvar los problemas laborales vinculadas a la renovaci\u00f3n del convenio y dar tiempo a la organizaci\u00f3n de la agencia de trasporte se sac\u00f3 un concurso puente por dos a\u00f1os de duraci\u00f3n con dos lotes uno para el trasporte urgente adjudicado a Autransa (antigua ambuiberica) y otro par el programado adjudicado a Diavida\u201d.<\/p>\n<p style=\"text-align: justify;\">\u201cEn estos momentos el lote del urgente termina el contrato en septiembre y el programado seg\u00fan las declaraciones del Consejero est\u00e1 en proceso de resoluci\u00f3n del contrato\u201d, ha explicado Iglesias.<\/p>\n<p style=\"text-align: justify;\">Finalmente, el portavoz de los socialistas c\u00e1ntabros en el Parlamento, ha dicho que \u201cgenera preocupaci\u00f3n y pedimos al consejero para que no se esconda y primero nos explique cu\u00e1l es su propuesta de modelo para trasporte sanitario en Cantabria y cuanto nos va a costar a los ciudadanos\u201d.<\/p>\n<p>&nbsp;<\/p>\n","protected":false},"excerpt":{"rendered":"<p>El PSOE de Cantabria va a interpelar este lunes, 26 de mayo, en el Pleno del Parlamento de Cantabria al consejero de Salud del Gobierno de Cantabria por la situaci\u00f3n del transporte sanitario. Los socialistas c\u00e1ntabros han registrado esta interpelaci\u00f3n con el objetivo de \u201csaber si ha realizado un estudio de costes de cu\u00e1nto costar\u00eda [&hellip;]<\/p>\n","protected":false},"author":12,"featured_media":10387,"comment_status":"open","ping_status":"closed","sticky":false,"template":"","format":"standard","meta":{"tdm_status":"","tdm_grid_status":"","footnotes":""},"categories":[14,24,1,25],"tags":[],"class_list":["post-10386","post","type-post","status-publish","format-standard","has-post-thumbnail","hentry","category-notas-de-prensa","category-partido","category-uncategorized","category-actualidad"],"_links":{"self":[{"href":"https:\/\/www.psc-psoe.es\/index.php\/wp-json\/wp\/v2\/posts\/10386","targetHints":{"allow":["GET"]}}],"collection":[{"href":"https:\/\/www.psc-psoe.es\/index.php\/wp-json\/wp\/v2\/posts"}],"about":[{"href":"https:\/\/www.psc-psoe.es\/index.php\/wp-json\/wp\/v2\/types\/post"}],"author":[{"embeddable":true,"href":"https:\/\/www.psc-psoe.es\/index.php\/wp-json\/wp\/v2\/users\/12"}],"replies":[{"embeddable":true,"href":"https:\/\/www.psc-psoe.es\/index.php\/wp-json\/wp\/v2\/comments?post=10386"}],"version-history":[{"count":1,"href":"https:\/\/www.psc-psoe.es\/index.php\/wp-json\/wp\/v2\/posts\/10386\/revisions"}],"predecessor-version":[{"id":10388,"href":"https:\/\/www.psc-psoe.es\/index.php\/wp-json\/wp\/v2\/posts\/10386\/revisions\/10388"}],"wp:featuredmedia":[{"embeddable":true,"href":"https:\/\/www.psc-psoe.es\/index.php\/wp-json\/wp\/v2\/media\/10387"}],"wp:attachment":[{"href":"https:\/\/www.psc-psoe.es\/index.php\/wp-json\/wp\/v2\/media?parent=10386"}],"wp:term":[{"taxonomy":"category","embeddable":true,"href":"https:\/\/www.psc-psoe.es\/index.php\/wp-json\/wp\/v2\/categories?post=10386"},{"taxonomy":"post_tag","embeddable":true,"href":"https:\/\/www.psc-psoe.es\/index.php\/wp-json\/wp\/v2\/tags?post=10386"}],"curies":[{"name":"wp","href":"https:\/\/api.w.org\/{rel}","templated":true}]}}